{"id":21074,"date":"2018-03-04T15:51:21","date_gmt":"2018-03-04T14:51:21","guid":{"rendered":"https:\/\/crta.rs\/?p=21074"},"modified":"2020-02-03T15:53:18","modified_gmt":"2020-02-03T14:53:18","slug":"observers-restricted-to-monitor-the-vote-count-at-three-polling-stations-2","status":"publish","type":"post","link":"https:\/\/crta.rs\/en\/observers-restricted-to-monitor-the-vote-count-at-three-polling-stations-2\/","title":{"rendered":"Observers restricted to monitor the vote count at three polling stations"},"content":{"rendered":"<p>Following the closing of polling stations, CRTA observers were restricted to monitor the vote count at three polling stations. Although a half an hour later observers were ultimatelly allowed to observe this process at two polling stations, these developments disable observers to evidence and report on the accuracy of voting results from these polling stations, since they were not present at the polling stations the entire period of the vote count process.<\/p>\n<p>In the period between 4 pm and 7 pm CRTA recorded the increase in the number of irregularities at polling stations from six to eight percent. Law violations and irregularities were also recorded outside of polling stations at one percent of polls. These cases included campaigning within 50 meters from the polling station. Also, cases of evidencing voters through separate lists and bringing groups of voters to cast a vote was recorded at seven percent of polling stations. While these issues are not regulated by the law, they could refer either to a strong political party organization or point to cases of pressure on voters.<\/p>\n<p>&nbsp;<\/p>\n<p><img loading=\"lazy\" decoding=\"async\" class=\"aligncenter wp-image-12331 size-full\" src=\"https:\/\/crta.rs\/wp-content\/uploads\/2018\/03\/vizual-13-eng-768x768.png\" alt=\"\" width=\"768\" height=\"768\" srcset=\"https:\/\/crta.rs\/wp-content\/uploads\/2018\/03\/vizual-13-eng-768x768.png 768w, https:\/\/crta.rs\/wp-content\/uploads\/2018\/03\/vizual-13-eng-768x768-300x300.png 300w, https:\/\/crta.rs\/wp-content\/uploads\/2018\/03\/vizual-13-eng-768x768-100x100.png 100w, https:\/\/crta.rs\/wp-content\/uploads\/2018\/03\/vizual-13-eng-768x768-600x600.png 600w, https:\/\/crta.rs\/wp-content\/uploads\/2018\/03\/vizual-13-eng-768x768-150x150.png 150w, https:\/\/crta.rs\/wp-content\/uploads\/2018\/03\/vizual-13-eng-768x768-500x500.png 500w\" sizes=\"auto, (max-width: 768px) 100vw, 768px\" \/><\/p>\n<p>&nbsp;<\/p>\n<p>A total of 48,2 percent of citizens registered in the voters list have voted at the Belgrade City Council elections until 7 pm. Margin of error was +\/- 0,4 percent.<\/p>\n<p><em>CRTA\u2019s monitoring of the Belgrade elections is based on statistical principles that allow the effective and systemic observation of the election process on the day of the vote. CRTA uses the parallel vote tabulation methodology (PVT) that enables the assessment of the overall voting process on the Election Day \u2013 opening of polling stations, voting process and vote count \u2013 in an unbiased and systematic manner. PVT methodology uses a random and representative sample of polling stations, meaning that the results are representative for the entire territory.<\/em><\/p>\n<p><em>\u00a0<\/em>CRTA is a member of the global and European networks of election monitoring organizations \u2013\u00a0<a href=\"http:\/\/www.gndem.org\/members?page=2\">GNDEM\u00a0<\/a>and\u00a0<a href=\"http:\/\/www.enemo.eu\/en\/members\/members\/\">ENEMO<\/a>.<\/p>\n<p><strong>CRTA election observation mission will issue the next public statement after the vote count and processing of data within its sample (around 10 pm). You may follow the conference live at the website CRTA.rs or at the Facebook page CRTA.rs.<\/strong><\/p>\n<p>&nbsp;<\/p>\n","protected":false},"excerpt":{"rendered":"<p>Following the closing of polling stations, CRTA observers were restricted to monitor the vote count at three polling stations. Although a half an hour later observers were ultimatelly allowed to observe this process at two polling stations, these developments disable observers to evidence and report on the accuracy of voting results from these polling stations, since they were not present at the polling stations the entire period of the vote count process.<\/p>\n","protected":false},"author":3,"featured_media":21027,"comment_status":"closed","ping_status":"open","sticky":false,"template":"","format":"standard","meta":{"_acf_changed":false,"footnotes":"","_links_to":"","_links_to_target":""},"categories":[681],"tags":[326,322,164],"class_list":["post-21074","post","type-post","status-publish","format-standard","has-post-thumbnail","hentry","category-news","tag-belgrade-elections","tag-belgrade-elections-2018","tag-elections","ciTrackContent"],"acf":[],"yoast_head":"<!-- This site is optimized with the Yoast SEO plugin v27.4 - https:\/\/yoast.com\/product\/yoast-seo-wordpress\/ -->\n<title>Observers restricted to monitor the vote count at three polling stations - CRTA<\/title>\n<meta name=\"robots\" content=\"index, follow, max-snippet:-1, max-image-preview:large, max-video-preview:-1\" \/>\n<link rel=\"canonical\" href=\"https:\/\/crta.rs\/en\/observers-restricted-to-monitor-the-vote-count-at-three-polling-stations-2\/\" \/>\n<meta property=\"og:locale\" content=\"en_US\" \/>\n<meta property=\"og:type\" content=\"article\" \/>\n<meta property=\"og:title\" content=\"Observers restricted to monitor the vote count at three polling stations - CRTA\" \/>\n<meta property=\"og:description\" content=\"Following the closing of polling stations, CRTA observers were restricted to monitor the vote count at three polling stations. Although a half an hour later observers were ultimatelly allowed to observe this process at two polling stations, these developments disable observers to evidence and report on the accuracy of voting results from these polling stations, since they were not present at the polling stations the entire period of the vote count process.\" \/>\n<meta property=\"og:url\" content=\"https:\/\/crta.rs\/en\/observers-restricted-to-monitor-the-vote-count-at-three-polling-stations-2\/\" \/>\n<meta property=\"og:site_name\" content=\"CRTA\" \/>\n<meta property=\"article:publisher\" content=\"https:\/\/www.facebook.com\/CRTArs\/\" \/>\n<meta property=\"article:published_time\" content=\"2018-03-04T14:51:21+00:00\" \/>\n<meta property=\"article:modified_time\" content=\"2020-02-03T14:53:18+00:00\" \/>\n<meta property=\"og:image\" content=\"https:\/\/crta.rs\/wp-content\/uploads\/2019\/03\/CRTA-logo-1.png\" \/>\n\t<meta property=\"og:image:width\" content=\"576\" \/>\n\t<meta property=\"og:image:height\" content=\"383\" \/>\n\t<meta property=\"og:image:type\" content=\"image\/png\" \/>\n<meta name=\"author\" content=\"milica\" \/>\n<meta name=\"twitter:card\" content=\"summary_large_image\" \/>\n<meta name=\"twitter:label1\" content=\"Written by\" \/>\n\t<meta name=\"twitter:data1\" content=\"milica\" \/>\n\t<meta name=\"twitter:label2\" content=\"Est. reading time\" \/>\n\t<meta name=\"twitter:data2\" content=\"2 minutes\" \/>\n<script type=\"application\/ld+json\" class=\"yoast-schema-graph\">{\"@context\":\"https:\\\/\\\/schema.org\",\"@graph\":[{\"@type\":\"Article\",\"@id\":\"https:\\\/\\\/crta.rs\\\/en\\\/observers-restricted-to-monitor-the-vote-count-at-three-polling-stations-2\\\/#article\",\"isPartOf\":{\"@id\":\"https:\\\/\\\/crta.rs\\\/en\\\/observers-restricted-to-monitor-the-vote-count-at-three-polling-stations-2\\\/\"},\"author\":{\"name\":\"milica\",\"@id\":\"https:\\\/\\\/crta.rs\\\/en\\\/#\\\/schema\\\/person\\\/0cc37dbc4cb7d35b32379de6f98e1c7f\"},\"headline\":\"Observers restricted to monitor the vote count at three polling stations\",\"datePublished\":\"2018-03-04T14:51:21+00:00\",\"dateModified\":\"2020-02-03T14:53:18+00:00\",\"mainEntityOfPage\":{\"@id\":\"https:\\\/\\\/crta.rs\\\/en\\\/observers-restricted-to-monitor-the-vote-count-at-three-polling-stations-2\\\/\"},\"wordCount\":359,\"image\":{\"@id\":\"https:\\\/\\\/crta.rs\\\/en\\\/observers-restricted-to-monitor-the-vote-count-at-three-polling-stations-2\\\/#primaryimage\"},\"thumbnailUrl\":\"https:\\\/\\\/crta.rs\\\/wp-content\\\/uploads\\\/2019\\\/03\\\/CRTA-logo-1.png\",\"keywords\":[\"belgrade elections\",\"belgrade elections 2018\",\"elections\"],\"articleSection\":[\"News\"],\"inLanguage\":\"en-US\"},{\"@type\":\"WebPage\",\"@id\":\"https:\\\/\\\/crta.rs\\\/en\\\/observers-restricted-to-monitor-the-vote-count-at-three-polling-stations-2\\\/\",\"url\":\"https:\\\/\\\/crta.rs\\\/en\\\/observers-restricted-to-monitor-the-vote-count-at-three-polling-stations-2\\\/\",\"name\":\"Observers restricted to monitor the vote count at three polling stations - CRTA\",\"isPartOf\":{\"@id\":\"https:\\\/\\\/crta.rs\\\/en\\\/#website\"},\"primaryImageOfPage\":{\"@id\":\"https:\\\/\\\/crta.rs\\\/en\\\/observers-restricted-to-monitor-the-vote-count-at-three-polling-stations-2\\\/#primaryimage\"},\"image\":{\"@id\":\"https:\\\/\\\/crta.rs\\\/en\\\/observers-restricted-to-monitor-the-vote-count-at-three-polling-stations-2\\\/#primaryimage\"},\"thumbnailUrl\":\"https:\\\/\\\/crta.rs\\\/wp-content\\\/uploads\\\/2019\\\/03\\\/CRTA-logo-1.png\",\"datePublished\":\"2018-03-04T14:51:21+00:00\",\"dateModified\":\"2020-02-03T14:53:18+00:00\",\"author\":{\"@id\":\"https:\\\/\\\/crta.rs\\\/en\\\/#\\\/schema\\\/person\\\/0cc37dbc4cb7d35b32379de6f98e1c7f\"},\"breadcrumb\":{\"@id\":\"https:\\\/\\\/crta.rs\\\/en\\\/observers-restricted-to-monitor-the-vote-count-at-three-polling-stations-2\\\/#breadcrumb\"},\"inLanguage\":\"en-US\",\"potentialAction\":[{\"@type\":\"ReadAction\",\"target\":[\"https:\\\/\\\/crta.rs\\\/en\\\/observers-restricted-to-monitor-the-vote-count-at-three-polling-stations-2\\\/\"]}]},{\"@type\":\"ImageObject\",\"inLanguage\":\"en-US\",\"@id\":\"https:\\\/\\\/crta.rs\\\/en\\\/observers-restricted-to-monitor-the-vote-count-at-three-polling-stations-2\\\/#primaryimage\",\"url\":\"https:\\\/\\\/crta.rs\\\/wp-content\\\/uploads\\\/2019\\\/03\\\/CRTA-logo-1.png\",\"contentUrl\":\"https:\\\/\\\/crta.rs\\\/wp-content\\\/uploads\\\/2019\\\/03\\\/CRTA-logo-1.png\",\"width\":576,\"height\":383},{\"@type\":\"BreadcrumbList\",\"@id\":\"https:\\\/\\\/crta.rs\\\/en\\\/observers-restricted-to-monitor-the-vote-count-at-three-polling-stations-2\\\/#breadcrumb\",\"itemListElement\":[{\"@type\":\"ListItem\",\"position\":1,\"name\":\"Home\",\"item\":\"https:\\\/\\\/crta.rs\\\/en\\\/\"},{\"@type\":\"ListItem\",\"position\":2,\"name\":\"rodna ravnopravnost\",\"item\":\"https:\\\/\\\/crta.rs\\\/oznaka\\\/rodna-ravnopravnost\\\/\"},{\"@type\":\"ListItem\",\"position\":3,\"name\":\"Observers restricted to monitor the vote count at three polling stations\"}]},{\"@type\":\"WebSite\",\"@id\":\"https:\\\/\\\/crta.rs\\\/en\\\/#website\",\"url\":\"https:\\\/\\\/crta.rs\\\/en\\\/\",\"name\":\"CRTA\",\"description\":\"Mi smo grupa aktivista i novinara koja zajedno sa gra\u0111anima uti\u010de na pove\u0107anje odgovornosti institucija i javnih funkcionera kroz pra\u0107enje i kontrolu njihovog rada.\",\"potentialAction\":[{\"@type\":\"SearchAction\",\"target\":{\"@type\":\"EntryPoint\",\"urlTemplate\":\"https:\\\/\\\/crta.rs\\\/en\\\/?s={search_term_string}\"},\"query-input\":{\"@type\":\"PropertyValueSpecification\",\"valueRequired\":true,\"valueName\":\"search_term_string\"}}],\"inLanguage\":\"en-US\"},{\"@type\":\"Person\",\"@id\":\"https:\\\/\\\/crta.rs\\\/en\\\/#\\\/schema\\\/person\\\/0cc37dbc4cb7d35b32379de6f98e1c7f\",\"name\":\"milica\",\"url\":\"https:\\\/\\\/crta.rs\\\/en\\\/author\\\/milica\\\/\"}]}<\/script>\n<!-- \/ Yoast SEO plugin. -->","yoast_head_json":{"title":"Observers restricted to monitor the vote count at three polling stations - CRTA","robots":{"index":"index","follow":"follow","max-snippet":"max-snippet:-1","max-image-preview":"max-image-preview:large","max-video-preview":"max-video-preview:-1"},"canonical":"https:\/\/crta.rs\/en\/observers-restricted-to-monitor-the-vote-count-at-three-polling-stations-2\/","og_locale":"en_US","og_type":"article","og_title":"Observers restricted to monitor the vote count at three polling stations - CRTA","og_description":"Following the closing of polling stations, CRTA observers were restricted to monitor the vote count at three polling stations. Although a half an hour later observers were ultimatelly allowed to observe this process at two polling stations, these developments disable observers to evidence and report on the accuracy of voting results from these polling stations, since they were not present at the polling stations the entire period of the vote count process.","og_url":"https:\/\/crta.rs\/en\/observers-restricted-to-monitor-the-vote-count-at-three-polling-stations-2\/","og_site_name":"CRTA","article_publisher":"https:\/\/www.facebook.com\/CRTArs\/","article_published_time":"2018-03-04T14:51:21+00:00","article_modified_time":"2020-02-03T14:53:18+00:00","og_image":[{"width":576,"height":383,"url":"https:\/\/crta.rs\/wp-content\/uploads\/2019\/03\/CRTA-logo-1.png","type":"image\/png"}],"author":"milica","twitter_card":"summary_large_image","twitter_misc":{"Written by":"milica","Est. reading time":"2 minutes"},"schema":{"@context":"https:\/\/schema.org","@graph":[{"@type":"Article","@id":"https:\/\/crta.rs\/en\/observers-restricted-to-monitor-the-vote-count-at-three-polling-stations-2\/#article","isPartOf":{"@id":"https:\/\/crta.rs\/en\/observers-restricted-to-monitor-the-vote-count-at-three-polling-stations-2\/"},"author":{"name":"milica","@id":"https:\/\/crta.rs\/en\/#\/schema\/person\/0cc37dbc4cb7d35b32379de6f98e1c7f"},"headline":"Observers restricted to monitor the vote count at three polling stations","datePublished":"2018-03-04T14:51:21+00:00","dateModified":"2020-02-03T14:53:18+00:00","mainEntityOfPage":{"@id":"https:\/\/crta.rs\/en\/observers-restricted-to-monitor-the-vote-count-at-three-polling-stations-2\/"},"wordCount":359,"image":{"@id":"https:\/\/crta.rs\/en\/observers-restricted-to-monitor-the-vote-count-at-three-polling-stations-2\/#primaryimage"},"thumbnailUrl":"https:\/\/crta.rs\/wp-content\/uploads\/2019\/03\/CRTA-logo-1.png","keywords":["belgrade elections","belgrade elections 2018","elections"],"articleSection":["News"],"inLanguage":"en-US"},{"@type":"WebPage","@id":"https:\/\/crta.rs\/en\/observers-restricted-to-monitor-the-vote-count-at-three-polling-stations-2\/","url":"https:\/\/crta.rs\/en\/observers-restricted-to-monitor-the-vote-count-at-three-polling-stations-2\/","name":"Observers restricted to monitor the vote count at three polling stations - CRTA","isPartOf":{"@id":"https:\/\/crta.rs\/en\/#website"},"primaryImageOfPage":{"@id":"https:\/\/crta.rs\/en\/observers-restricted-to-monitor-the-vote-count-at-three-polling-stations-2\/#primaryimage"},"image":{"@id":"https:\/\/crta.rs\/en\/observers-restricted-to-monitor-the-vote-count-at-three-polling-stations-2\/#primaryimage"},"thumbnailUrl":"https:\/\/crta.rs\/wp-content\/uploads\/2019\/03\/CRTA-logo-1.png","datePublished":"2018-03-04T14:51:21+00:00","dateModified":"2020-02-03T14:53:18+00:00","author":{"@id":"https:\/\/crta.rs\/en\/#\/schema\/person\/0cc37dbc4cb7d35b32379de6f98e1c7f"},"breadcrumb":{"@id":"https:\/\/crta.rs\/en\/observers-restricted-to-monitor-the-vote-count-at-three-polling-stations-2\/#breadcrumb"},"inLanguage":"en-US","potentialAction":[{"@type":"ReadAction","target":["https:\/\/crta.rs\/en\/observers-restricted-to-monitor-the-vote-count-at-three-polling-stations-2\/"]}]},{"@type":"ImageObject","inLanguage":"en-US","@id":"https:\/\/crta.rs\/en\/observers-restricted-to-monitor-the-vote-count-at-three-polling-stations-2\/#primaryimage","url":"https:\/\/crta.rs\/wp-content\/uploads\/2019\/03\/CRTA-logo-1.png","contentUrl":"https:\/\/crta.rs\/wp-content\/uploads\/2019\/03\/CRTA-logo-1.png","width":576,"height":383},{"@type":"BreadcrumbList","@id":"https:\/\/crta.rs\/en\/observers-restricted-to-monitor-the-vote-count-at-three-polling-stations-2\/#breadcrumb","itemListElement":[{"@type":"ListItem","position":1,"name":"Home","item":"https:\/\/crta.rs\/en\/"},{"@type":"ListItem","position":2,"name":"rodna ravnopravnost","item":"https:\/\/crta.rs\/oznaka\/rodna-ravnopravnost\/"},{"@type":"ListItem","position":3,"name":"Observers restricted to monitor the vote count at three polling stations"}]},{"@type":"WebSite","@id":"https:\/\/crta.rs\/en\/#website","url":"https:\/\/crta.rs\/en\/","name":"CRTA","description":"Mi smo grupa aktivista i novinara koja zajedno sa gra\u0111anima uti\u010de na pove\u0107anje odgovornosti institucija i javnih funkcionera kroz pra\u0107enje i kontrolu njihovog rada.","potentialAction":[{"@type":"SearchAction","target":{"@type":"EntryPoint","urlTemplate":"https:\/\/crta.rs\/en\/?s={search_term_string}"},"query-input":{"@type":"PropertyValueSpecification","valueRequired":true,"valueName":"search_term_string"}}],"inLanguage":"en-US"},{"@type":"Person","@id":"https:\/\/crta.rs\/en\/#\/schema\/person\/0cc37dbc4cb7d35b32379de6f98e1c7f","name":"milica","url":"https:\/\/crta.rs\/en\/author\/milica\/"}]}},"_links":{"self":[{"href":"https:\/\/crta.rs\/en\/wp-json\/wp\/v2\/posts\/21074","targetHints":{"allow":["GET"]}}],"collection":[{"href":"https:\/\/crta.rs\/en\/wp-json\/wp\/v2\/posts"}],"about":[{"href":"https:\/\/crta.rs\/en\/wp-json\/wp\/v2\/types\/post"}],"author":[{"embeddable":true,"href":"https:\/\/crta.rs\/en\/wp-json\/wp\/v2\/users\/3"}],"replies":[{"embeddable":true,"href":"https:\/\/crta.rs\/en\/wp-json\/wp\/v2\/comments?post=21074"}],"version-history":[{"count":1,"href":"https:\/\/crta.rs\/en\/wp-json\/wp\/v2\/posts\/21074\/revisions"}],"predecessor-version":[{"id":21075,"href":"https:\/\/crta.rs\/en\/wp-json\/wp\/v2\/posts\/21074\/revisions\/21075"}],"wp:featuredmedia":[{"embeddable":true,"href":"https:\/\/crta.rs\/en\/wp-json\/wp\/v2\/media\/21027"}],"wp:attachment":[{"href":"https:\/\/crta.rs\/en\/wp-json\/wp\/v2\/media?parent=21074"}],"wp:term":[{"taxonomy":"category","embeddable":true,"href":"https:\/\/crta.rs\/en\/wp-json\/wp\/v2\/categories?post=21074"},{"taxonomy":"post_tag","embeddable":true,"href":"https:\/\/crta.rs\/en\/wp-json\/wp\/v2\/tags?post=21074"}],"curies":[{"name":"wp","href":"https:\/\/api.w.org\/{rel}","templated":true}]}}