{"id":19371,"date":"2019-10-11T16:46:26","date_gmt":"2019-10-11T14:46:26","guid":{"rendered":"https:\/\/crta.rs\/?p=19371"},"modified":"2020-02-18T11:13:58","modified_gmt":"2020-02-18T10:13:58","slug":"international-day-of-the-girl-child-marked-with-the-event-girls-have-the-word","status":"publish","type":"post","link":"https:\/\/crta.rs\/en\/international-day-of-the-girl-child-marked-with-the-event-girls-have-the-word\/","title":{"rendered":"International Day of the Girl Child marked with the event \u201cGirls have the Word\u201d"},"content":{"rendered":"<p>The event \u201cGirls have the Word\u201d within the \u00a0<a href=\"http:\/\/inspiringgirls.rs\/\">\u201cInspiring Girls Serbia\u201d<\/a>\u00a0campaign held at primary school \u201cKralj Petar II Kara\u0111or\u0111evi\u0107\u201d in Belgrade, organised by CRTA, marked the International Day of the Girl Child. The aim of the global \u201cInspiring girls\u201d campaign, which was launched in Great Britain and which is also conducted in Serbia, is to empower girls.<\/p>\n<p>In 2011, the United Nations proclaimed October 11<sup>th<\/sup>\u00a0International Day of the Girl Child in order to draw attention to promoting the rights of girls and raising awareness of the inequalities they face only because they are girls.<\/p>\n<p>At the event \u201cGirls have the Word\u201d, successful women from the world of culture, sports, physics, science, marketing, communications and music spoke with girls from primary school \u201cKralj Petar II Kara\u0111or\u0111evi\u0107\u201d:\u00a0Isidora Savkovi\u0107\u00a0\u2013\u00a0senior media planner at Direct Media agency, captain of women\u2019s rugby team and founder of women\u2019s wardrobe brand,\u00a0Aleksandra Alori\u0107\u00a0\u2013 scientist employed at the Institute of Physics in Belgrade at the Centre for the Study of Complex Systems,\u00a0Katarina Miti\u0107\u00a0\u2013\u00a0musicologist and marketing manager,\u00a0Ljubica Vuk\u010devi\u0107\u00a0\u2013 director of research at Direct Media United Solutions Agency and visiting lecturer at the Faculty of Dramatic Arts, University of Belgrade and Ru\u017ea Ili\u0107\u00a0\u2013\u00a0football specialist and IT business developer at Sportifico.<\/p>\n<div id=\"attachment_12938\" style=\"width: 1260px\" class=\"wp-caption aligncenter\"><img loading=\"lazy\" decoding=\"async\" aria-describedby=\"caption-attachment-12938\" class=\"wp-image-12938 size-full\" src=\"https:\/\/crta.rs\/wp-content\/uploads\/2019\/10\/Inspiring-Girls-Medjunarodni-dan-devojcica-2019-6.jpg\" alt=\"\" width=\"1250\" height=\"830\" srcset=\"https:\/\/crta.rs\/wp-content\/uploads\/2019\/10\/Inspiring-Girls-Medjunarodni-dan-devojcica-2019-6.jpg 1250w, https:\/\/crta.rs\/wp-content\/uploads\/2019\/10\/Inspiring-Girls-Medjunarodni-dan-devojcica-2019-6-600x398.jpg 600w, https:\/\/crta.rs\/wp-content\/uploads\/2019\/10\/Inspiring-Girls-Medjunarodni-dan-devojcica-2019-6-300x199.jpg 300w, https:\/\/crta.rs\/wp-content\/uploads\/2019\/10\/Inspiring-Girls-Medjunarodni-dan-devojcica-2019-6-1024x680.jpg 1024w, https:\/\/crta.rs\/wp-content\/uploads\/2019\/10\/Inspiring-Girls-Medjunarodni-dan-devojcica-2019-6-768x510.jpg 768w, https:\/\/crta.rs\/wp-content\/uploads\/2019\/10\/Inspiring-Girls-Medjunarodni-dan-devojcica-2019-6-500x332.jpg 500w\" sizes=\"auto, (max-width: 1250px) 100vw, 1250px\" \/><p id=\"caption-attachment-12938\" class=\"wp-caption-text\">Photo by: Zoran Drekalovic<\/p><\/div>\n<p>Data show that girls in Serbia graduate from high schools and colleges more than boys, but that women are less likely to be in decision-making positions later in life. Although they are in the same positions and do the same jobs, women are paid less than men. Division into so-called \u201cmale\u201d and \u201cfemale\u201d professions and occupations continue to dominate.<\/p>\n<p>This campaign calls on women of different professions to devote an hour a year and return to primary schools to give their own examples to girls aged 10 to 14, and to help them perceive different opportunities in their lives and careers, but also to inspire girls to strive to realise their life choices.<\/p>\n<p>The goal of the campaign is to include as many primary schools as possible in order to organise encounters between successful women and girls.<\/p>\n<p>The panellists advised girls to constantly learn, travel, be brave, believe in themselves and in their dreams. All participants, both panellists and female students, felt empowered, inspired and learnt something new after this interactive event.<\/p>\n<p>Boys are also actively involved in the campaign in Serbia because it is important that they be aware of issues that women \u2013 their friends, sisters, moms \u2013 \u00a0face in their careers and lives, so that they could readily participate in building an equal society. Since the campaign arrived in Serbia, it has brought together more than 60 women volunteers and inspired nearly 500 girls.<\/p>\n<div id=\"attachment_12906\" style=\"width: 778px\" class=\"wp-caption aligncenter\"><img loading=\"lazy\" decoding=\"async\" aria-describedby=\"caption-attachment-12906\" class=\"wp-image-12906 size-full\" src=\"https:\/\/crta.rs\/wp-content\/uploads\/2019\/10\/Inspiring-Girls-Medjunarodni-dan-devojcica-2019-21-768x510.jpg\" alt=\"\" width=\"768\" height=\"510\" srcset=\"https:\/\/crta.rs\/wp-content\/uploads\/2019\/10\/Inspiring-Girls-Medjunarodni-dan-devojcica-2019-21-768x510.jpg 768w, https:\/\/crta.rs\/wp-content\/uploads\/2019\/10\/Inspiring-Girls-Medjunarodni-dan-devojcica-2019-21-768x510-600x398.jpg 600w, https:\/\/crta.rs\/wp-content\/uploads\/2019\/10\/Inspiring-Girls-Medjunarodni-dan-devojcica-2019-21-768x510-300x199.jpg 300w, https:\/\/crta.rs\/wp-content\/uploads\/2019\/10\/Inspiring-Girls-Medjunarodni-dan-devojcica-2019-21-768x510-500x332.jpg 500w\" sizes=\"auto, (max-width: 768px) 100vw, 768px\" \/><p id=\"caption-attachment-12906\" class=\"wp-caption-text\">Photo by: Zoran Drekalovic<\/p><\/div>\n","protected":false},"excerpt":{"rendered":"<p>The event \u201cGirls have the Word\u201d within the \u00a0\u201cInspiring Girls Serbia\u201d\u00a0campaign held at primary school \u201cKralj Petar II Kara\u0111or\u0111evi\u0107\u201d in Belgrade, organised by CRTA, marked the International Day of the Girl Child. The aim of the global \u201cInspiring girls\u201d campaign, which was launched in Great Britain and which is also conducted in Serbia, is to empower girls.<\/p>\n","protected":false},"author":3,"featured_media":19372,"comment_status":"open","ping_status":"open","sticky":false,"template":"","format":"standard","meta":{"_acf_changed":false,"footnotes":"","_links_to":"","_links_to_target":""},"categories":[218],"tags":[747],"class_list":["post-19371","post","type-post","status-publish","format-standard","has-post-thumbnail","hentry","category-latest-en","tag-inspiring-girls-en","ciTrackContent"],"acf":[],"yoast_head":"<!-- This site is optimized with the Yoast SEO plugin v27.4 - https:\/\/yoast.com\/product\/yoast-seo-wordpress\/ -->\n<title>International Day of the Girl Child marked with the event \u201cGirls have the Word\u201d - CRTA<\/title>\n<meta name=\"robots\" content=\"index, follow, max-snippet:-1, max-image-preview:large, max-video-preview:-1\" \/>\n<link rel=\"canonical\" href=\"https:\/\/crta.rs\/en\/international-day-of-the-girl-child-marked-with-the-event-girls-have-the-word\/\" \/>\n<meta property=\"og:locale\" content=\"en_US\" \/>\n<meta property=\"og:type\" content=\"article\" \/>\n<meta property=\"og:title\" content=\"International Day of the Girl Child marked with the event \u201cGirls have the Word\u201d - CRTA\" \/>\n<meta property=\"og:description\" content=\"The event \u201cGirls have the Word\u201d within the \u00a0\u201cInspiring Girls Serbia\u201d\u00a0campaign held at primary school \u201cKralj Petar II Kara\u0111or\u0111evi\u0107\u201d in Belgrade, organised by CRTA, marked the International Day of the Girl Child. The aim of the global \u201cInspiring girls\u201d campaign, which was launched in Great Britain and which is also conducted in Serbia, is to empower girls.\" \/>\n<meta property=\"og:url\" content=\"https:\/\/crta.rs\/en\/international-day-of-the-girl-child-marked-with-the-event-girls-have-the-word\/\" \/>\n<meta property=\"og:site_name\" content=\"CRTA\" \/>\n<meta property=\"article:publisher\" content=\"https:\/\/www.facebook.com\/CRTArs\/\" \/>\n<meta property=\"article:published_time\" content=\"2019-10-11T14:46:26+00:00\" \/>\n<meta property=\"article:modified_time\" content=\"2020-02-18T10:13:58+00:00\" \/>\n<meta property=\"og:image\" content=\"https:\/\/crta.rs\/wp-content\/uploads\/2019\/03\/Inspiring-Girls-Medjunarodni-dan-devojcica-2019-1.jpg\" \/>\n\t<meta property=\"og:image:width\" content=\"1250\" \/>\n\t<meta property=\"og:image:height\" content=\"830\" \/>\n\t<meta property=\"og:image:type\" content=\"image\/jpeg\" \/>\n<meta name=\"author\" content=\"milica\" \/>\n<meta name=\"twitter:card\" content=\"summary_large_image\" \/>\n<meta name=\"twitter:label1\" content=\"Written by\" \/>\n\t<meta name=\"twitter:data1\" content=\"milica\" \/>\n\t<meta name=\"twitter:label2\" content=\"Est. reading time\" \/>\n\t<meta name=\"twitter:data2\" content=\"2 minutes\" \/>\n<script type=\"application\/ld+json\" class=\"yoast-schema-graph\">{\"@context\":\"https:\\\/\\\/schema.org\",\"@graph\":[{\"@type\":\"Article\",\"@id\":\"https:\\\/\\\/crta.rs\\\/en\\\/international-day-of-the-girl-child-marked-with-the-event-girls-have-the-word\\\/#article\",\"isPartOf\":{\"@id\":\"https:\\\/\\\/crta.rs\\\/en\\\/international-day-of-the-girl-child-marked-with-the-event-girls-have-the-word\\\/\"},\"author\":{\"name\":\"milica\",\"@id\":\"https:\\\/\\\/crta.rs\\\/en\\\/#\\\/schema\\\/person\\\/0cc37dbc4cb7d35b32379de6f98e1c7f\"},\"headline\":\"International Day of the Girl Child marked with the event \u201cGirls have the Word\u201d\",\"datePublished\":\"2019-10-11T14:46:26+00:00\",\"dateModified\":\"2020-02-18T10:13:58+00:00\",\"mainEntityOfPage\":{\"@id\":\"https:\\\/\\\/crta.rs\\\/en\\\/international-day-of-the-girl-child-marked-with-the-event-girls-have-the-word\\\/\"},\"wordCount\":481,\"commentCount\":0,\"image\":{\"@id\":\"https:\\\/\\\/crta.rs\\\/en\\\/international-day-of-the-girl-child-marked-with-the-event-girls-have-the-word\\\/#primaryimage\"},\"thumbnailUrl\":\"https:\\\/\\\/crta.rs\\\/wp-content\\\/uploads\\\/2019\\\/03\\\/Inspiring-Girls-Medjunarodni-dan-devojcica-2019-1.jpg\",\"keywords\":[\"inspiring girls\"],\"articleSection\":[\"Latest\"],\"inLanguage\":\"en-US\",\"potentialAction\":[{\"@type\":\"CommentAction\",\"name\":\"Comment\",\"target\":[\"https:\\\/\\\/crta.rs\\\/en\\\/international-day-of-the-girl-child-marked-with-the-event-girls-have-the-word\\\/#respond\"]}]},{\"@type\":\"WebPage\",\"@id\":\"https:\\\/\\\/crta.rs\\\/en\\\/international-day-of-the-girl-child-marked-with-the-event-girls-have-the-word\\\/\",\"url\":\"https:\\\/\\\/crta.rs\\\/en\\\/international-day-of-the-girl-child-marked-with-the-event-girls-have-the-word\\\/\",\"name\":\"International Day of the Girl Child marked with the event \u201cGirls have the Word\u201d - CRTA\",\"isPartOf\":{\"@id\":\"https:\\\/\\\/crta.rs\\\/en\\\/#website\"},\"primaryImageOfPage\":{\"@id\":\"https:\\\/\\\/crta.rs\\\/en\\\/international-day-of-the-girl-child-marked-with-the-event-girls-have-the-word\\\/#primaryimage\"},\"image\":{\"@id\":\"https:\\\/\\\/crta.rs\\\/en\\\/international-day-of-the-girl-child-marked-with-the-event-girls-have-the-word\\\/#primaryimage\"},\"thumbnailUrl\":\"https:\\\/\\\/crta.rs\\\/wp-content\\\/uploads\\\/2019\\\/03\\\/Inspiring-Girls-Medjunarodni-dan-devojcica-2019-1.jpg\",\"datePublished\":\"2019-10-11T14:46:26+00:00\",\"dateModified\":\"2020-02-18T10:13:58+00:00\",\"author\":{\"@id\":\"https:\\\/\\\/crta.rs\\\/en\\\/#\\\/schema\\\/person\\\/0cc37dbc4cb7d35b32379de6f98e1c7f\"},\"breadcrumb\":{\"@id\":\"https:\\\/\\\/crta.rs\\\/en\\\/international-day-of-the-girl-child-marked-with-the-event-girls-have-the-word\\\/#breadcrumb\"},\"inLanguage\":\"en-US\",\"potentialAction\":[{\"@type\":\"ReadAction\",\"target\":[\"https:\\\/\\\/crta.rs\\\/en\\\/international-day-of-the-girl-child-marked-with-the-event-girls-have-the-word\\\/\"]}]},{\"@type\":\"ImageObject\",\"inLanguage\":\"en-US\",\"@id\":\"https:\\\/\\\/crta.rs\\\/en\\\/international-day-of-the-girl-child-marked-with-the-event-girls-have-the-word\\\/#primaryimage\",\"url\":\"https:\\\/\\\/crta.rs\\\/wp-content\\\/uploads\\\/2019\\\/03\\\/Inspiring-Girls-Medjunarodni-dan-devojcica-2019-1.jpg\",\"contentUrl\":\"https:\\\/\\\/crta.rs\\\/wp-content\\\/uploads\\\/2019\\\/03\\\/Inspiring-Girls-Medjunarodni-dan-devojcica-2019-1.jpg\",\"width\":1250,\"height\":830,\"caption\":\"Photo by: Zoran Drekalovic\"},{\"@type\":\"BreadcrumbList\",\"@id\":\"https:\\\/\\\/crta.rs\\\/en\\\/international-day-of-the-girl-child-marked-with-the-event-girls-have-the-word\\\/#breadcrumb\",\"itemListElement\":[{\"@type\":\"ListItem\",\"position\":1,\"name\":\"Home\",\"item\":\"https:\\\/\\\/crta.rs\\\/en\\\/\"},{\"@type\":\"ListItem\",\"position\":2,\"name\":\"Latest\",\"item\":\"https:\\\/\\\/crta.rs\\\/en\\\/category\\\/latest-en\\\/\"},{\"@type\":\"ListItem\",\"position\":3,\"name\":\"International Day of the Girl Child marked with the event \u201cGirls have the Word\u201d\"}]},{\"@type\":\"WebSite\",\"@id\":\"https:\\\/\\\/crta.rs\\\/en\\\/#website\",\"url\":\"https:\\\/\\\/crta.rs\\\/en\\\/\",\"name\":\"CRTA\",\"description\":\"Mi smo grupa aktivista i novinara koja zajedno sa gra\u0111anima uti\u010de na pove\u0107anje odgovornosti institucija i javnih funkcionera kroz pra\u0107enje i kontrolu njihovog rada.\",\"potentialAction\":[{\"@type\":\"SearchAction\",\"target\":{\"@type\":\"EntryPoint\",\"urlTemplate\":\"https:\\\/\\\/crta.rs\\\/en\\\/?s={search_term_string}\"},\"query-input\":{\"@type\":\"PropertyValueSpecification\",\"valueRequired\":true,\"valueName\":\"search_term_string\"}}],\"inLanguage\":\"en-US\"},{\"@type\":\"Person\",\"@id\":\"https:\\\/\\\/crta.rs\\\/en\\\/#\\\/schema\\\/person\\\/0cc37dbc4cb7d35b32379de6f98e1c7f\",\"name\":\"milica\",\"url\":\"https:\\\/\\\/crta.rs\\\/en\\\/author\\\/milica\\\/\"}]}<\/script>\n<!-- \/ Yoast SEO plugin. -->","yoast_head_json":{"title":"International Day of the Girl Child marked with the event \u201cGirls have the Word\u201d - CRTA","robots":{"index":"index","follow":"follow","max-snippet":"max-snippet:-1","max-image-preview":"max-image-preview:large","max-video-preview":"max-video-preview:-1"},"canonical":"https:\/\/crta.rs\/en\/international-day-of-the-girl-child-marked-with-the-event-girls-have-the-word\/","og_locale":"en_US","og_type":"article","og_title":"International Day of the Girl Child marked with the event \u201cGirls have the Word\u201d - CRTA","og_description":"The event \u201cGirls have the Word\u201d within the \u00a0\u201cInspiring Girls Serbia\u201d\u00a0campaign held at primary school \u201cKralj Petar II Kara\u0111or\u0111evi\u0107\u201d in Belgrade, organised by CRTA, marked the International Day of the Girl Child. The aim of the global \u201cInspiring girls\u201d campaign, which was launched in Great Britain and which is also conducted in Serbia, is to empower girls.","og_url":"https:\/\/crta.rs\/en\/international-day-of-the-girl-child-marked-with-the-event-girls-have-the-word\/","og_site_name":"CRTA","article_publisher":"https:\/\/www.facebook.com\/CRTArs\/","article_published_time":"2019-10-11T14:46:26+00:00","article_modified_time":"2020-02-18T10:13:58+00:00","og_image":[{"width":1250,"height":830,"url":"https:\/\/crta.rs\/wp-content\/uploads\/2019\/03\/Inspiring-Girls-Medjunarodni-dan-devojcica-2019-1.jpg","type":"image\/jpeg"}],"author":"milica","twitter_card":"summary_large_image","twitter_misc":{"Written by":"milica","Est. reading time":"2 minutes"},"schema":{"@context":"https:\/\/schema.org","@graph":[{"@type":"Article","@id":"https:\/\/crta.rs\/en\/international-day-of-the-girl-child-marked-with-the-event-girls-have-the-word\/#article","isPartOf":{"@id":"https:\/\/crta.rs\/en\/international-day-of-the-girl-child-marked-with-the-event-girls-have-the-word\/"},"author":{"name":"milica","@id":"https:\/\/crta.rs\/en\/#\/schema\/person\/0cc37dbc4cb7d35b32379de6f98e1c7f"},"headline":"International Day of the Girl Child marked with the event \u201cGirls have the Word\u201d","datePublished":"2019-10-11T14:46:26+00:00","dateModified":"2020-02-18T10:13:58+00:00","mainEntityOfPage":{"@id":"https:\/\/crta.rs\/en\/international-day-of-the-girl-child-marked-with-the-event-girls-have-the-word\/"},"wordCount":481,"commentCount":0,"image":{"@id":"https:\/\/crta.rs\/en\/international-day-of-the-girl-child-marked-with-the-event-girls-have-the-word\/#primaryimage"},"thumbnailUrl":"https:\/\/crta.rs\/wp-content\/uploads\/2019\/03\/Inspiring-Girls-Medjunarodni-dan-devojcica-2019-1.jpg","keywords":["inspiring girls"],"articleSection":["Latest"],"inLanguage":"en-US","potentialAction":[{"@type":"CommentAction","name":"Comment","target":["https:\/\/crta.rs\/en\/international-day-of-the-girl-child-marked-with-the-event-girls-have-the-word\/#respond"]}]},{"@type":"WebPage","@id":"https:\/\/crta.rs\/en\/international-day-of-the-girl-child-marked-with-the-event-girls-have-the-word\/","url":"https:\/\/crta.rs\/en\/international-day-of-the-girl-child-marked-with-the-event-girls-have-the-word\/","name":"International Day of the Girl Child marked with the event \u201cGirls have the Word\u201d - CRTA","isPartOf":{"@id":"https:\/\/crta.rs\/en\/#website"},"primaryImageOfPage":{"@id":"https:\/\/crta.rs\/en\/international-day-of-the-girl-child-marked-with-the-event-girls-have-the-word\/#primaryimage"},"image":{"@id":"https:\/\/crta.rs\/en\/international-day-of-the-girl-child-marked-with-the-event-girls-have-the-word\/#primaryimage"},"thumbnailUrl":"https:\/\/crta.rs\/wp-content\/uploads\/2019\/03\/Inspiring-Girls-Medjunarodni-dan-devojcica-2019-1.jpg","datePublished":"2019-10-11T14:46:26+00:00","dateModified":"2020-02-18T10:13:58+00:00","author":{"@id":"https:\/\/crta.rs\/en\/#\/schema\/person\/0cc37dbc4cb7d35b32379de6f98e1c7f"},"breadcrumb":{"@id":"https:\/\/crta.rs\/en\/international-day-of-the-girl-child-marked-with-the-event-girls-have-the-word\/#breadcrumb"},"inLanguage":"en-US","potentialAction":[{"@type":"ReadAction","target":["https:\/\/crta.rs\/en\/international-day-of-the-girl-child-marked-with-the-event-girls-have-the-word\/"]}]},{"@type":"ImageObject","inLanguage":"en-US","@id":"https:\/\/crta.rs\/en\/international-day-of-the-girl-child-marked-with-the-event-girls-have-the-word\/#primaryimage","url":"https:\/\/crta.rs\/wp-content\/uploads\/2019\/03\/Inspiring-Girls-Medjunarodni-dan-devojcica-2019-1.jpg","contentUrl":"https:\/\/crta.rs\/wp-content\/uploads\/2019\/03\/Inspiring-Girls-Medjunarodni-dan-devojcica-2019-1.jpg","width":1250,"height":830,"caption":"Photo by: Zoran Drekalovic"},{"@type":"BreadcrumbList","@id":"https:\/\/crta.rs\/en\/international-day-of-the-girl-child-marked-with-the-event-girls-have-the-word\/#breadcrumb","itemListElement":[{"@type":"ListItem","position":1,"name":"Home","item":"https:\/\/crta.rs\/en\/"},{"@type":"ListItem","position":2,"name":"Latest","item":"https:\/\/crta.rs\/en\/category\/latest-en\/"},{"@type":"ListItem","position":3,"name":"International Day of the Girl Child marked with the event \u201cGirls have the Word\u201d"}]},{"@type":"WebSite","@id":"https:\/\/crta.rs\/en\/#website","url":"https:\/\/crta.rs\/en\/","name":"CRTA","description":"Mi smo grupa aktivista i novinara koja zajedno sa gra\u0111anima uti\u010de na pove\u0107anje odgovornosti institucija i javnih funkcionera kroz pra\u0107enje i kontrolu njihovog rada.","potentialAction":[{"@type":"SearchAction","target":{"@type":"EntryPoint","urlTemplate":"https:\/\/crta.rs\/en\/?s={search_term_string}"},"query-input":{"@type":"PropertyValueSpecification","valueRequired":true,"valueName":"search_term_string"}}],"inLanguage":"en-US"},{"@type":"Person","@id":"https:\/\/crta.rs\/en\/#\/schema\/person\/0cc37dbc4cb7d35b32379de6f98e1c7f","name":"milica","url":"https:\/\/crta.rs\/en\/author\/milica\/"}]}},"_links":{"self":[{"href":"https:\/\/crta.rs\/en\/wp-json\/wp\/v2\/posts\/19371","targetHints":{"allow":["GET"]}}],"collection":[{"href":"https:\/\/crta.rs\/en\/wp-json\/wp\/v2\/posts"}],"about":[{"href":"https:\/\/crta.rs\/en\/wp-json\/wp\/v2\/types\/post"}],"author":[{"embeddable":true,"href":"https:\/\/crta.rs\/en\/wp-json\/wp\/v2\/users\/3"}],"replies":[{"embeddable":true,"href":"https:\/\/crta.rs\/en\/wp-json\/wp\/v2\/comments?post=19371"}],"version-history":[{"count":3,"href":"https:\/\/crta.rs\/en\/wp-json\/wp\/v2\/posts\/19371\/revisions"}],"predecessor-version":[{"id":21972,"href":"https:\/\/crta.rs\/en\/wp-json\/wp\/v2\/posts\/19371\/revisions\/21972"}],"wp:featuredmedia":[{"embeddable":true,"href":"https:\/\/crta.rs\/en\/wp-json\/wp\/v2\/media\/19372"}],"wp:attachment":[{"href":"https:\/\/crta.rs\/en\/wp-json\/wp\/v2\/media?parent=19371"}],"wp:term":[{"taxonomy":"category","embeddable":true,"href":"https:\/\/crta.rs\/en\/wp-json\/wp\/v2\/categories?post=19371"},{"taxonomy":"post_tag","embeddable":true,"href":"https:\/\/crta.rs\/en\/wp-json\/wp\/v2\/tags?post=19371"}],"curies":[{"name":"wp","href":"https:\/\/api.w.org\/{rel}","templated":true}]}}