{"id":19358,"date":"2019-09-14T16:27:37","date_gmt":"2019-09-14T14:27:37","guid":{"rendered":"https:\/\/crta.rs\/?p=19358"},"modified":"2020-02-18T12:34:53","modified_gmt":"2020-02-18T11:34:53","slug":"the-economic-status-of-citizens-has-shaken-faith-in-democracy","status":"publish","type":"post","link":"https:\/\/crta.rs\/en\/the-economic-status-of-citizens-has-shaken-faith-in-democracy\/","title":{"rendered":"The economic status of citizens has shaken faith in democracy"},"content":{"rendered":"<p>The growing gap between the poor and the rich is one of the main strongholds of distrust in democracy. But the biggest problem is currently happening to the middle and middle-lower class, who are rebelling because they had reason to expect more than what is now being accomplished\u201d, was the conclusion brought by the discussion \u201cIs a hungry man a citizen too?\u201d\u00a0<a href=\"https:\/\/crta.rs\/en\/\">CRTA<\/a>\u00a0 within the\u00a0<a href=\"https:\/\/demfest.crta.rs\/\">Festival of Democracy<\/a>.<\/p>\n<p>Participants in the discussion Jelena \u017darkovi\u0107-Raki\u0107, PhD, from the Faculty of Economics, University of Belgrade, Kori Udovi\u010dki, President of the Board of Directors and Chief Economist at CEVES and Danilo \u0106ur\u010di\u0107, Programme Coordinator at Initiative A11, agreed that we could not take away the voting rights from the most vulnerable, as they were considered to have brought to power the representatives that the majority disapproves of because often the poor people in the election race have no opportunity to hear a clear position on their problems.<\/p>\n<p>\u201cIn the last thirty years, processes such as globalisation and job migration have caused the former middle classes to stagnate, with those at the top of the ladder increasingly grabbing and advancing. When we compare European countries with the United Kingdom and America, we will see that the European countries developed like the welfare state take care of their jobless citizens. While this is not the case with America and Britain, they are only there for their most vulnerable residents, to a very small extent, while citizens of low economic and social status cannot expect help from them\u201d, said Jelena \u017darkovi\u0107-Raki\u0107.<\/p>\n<p>Furthermore, \u017darkovi\u0107-Raki\u0107 emphasised that citizens who are the losers of these economic processes are just potential voters who support Brexit and Trump.<\/p>\n<div id=\"attachment_12587\" style=\"width: 2570px\" class=\"wp-caption alignnone\"><img loading=\"lazy\" decoding=\"async\" aria-describedby=\"caption-attachment-12587\" class=\"wp-image-12587 size-full\" src=\"https:\/\/crta.rs\/wp-content\/uploads\/2019\/09\/da-li-je-i-gladan-covek-gradjanin-1-1.jpg\" alt=\"\" width=\"2560\" height=\"1439\" \/><p id=\"caption-attachment-12587\" class=\"wp-caption-text\">Photo by: CRTA<\/p><\/div>\n<p>\u201cThe globalisation period has prevailed, in which wages are kept in check by competition from the east. But we forget that it is this cheap labour that supplies very cheap products, which is necessary to the working class for everyday life, from toys to clothes and other things. This gives us a whole new range of products that are becoming more and more available. That is why this continuing impoverishment cannot be observed so quickly. It is true that after the 1980s and 1990s, trade unions have become the protectors of employees rather than spokespersons for all those in need\u201d, said Kori Udovi\u010dki.<\/p>\n<p>Udovi\u010dki added that labour technology is changing as well, with an increasing population that is neither a capitalist nor a traditional worker, and in 2009, it became clear that one process was taking too long, that is, to begin a political reorganisation that should represent a society that has a solid political structure, and we are only at the beginning of responding to political challenges.<\/p>\n<p>\u201cThe issue of economic and social rights has been further shaken after the global economic crisis. People became angry, those who paid a higher price, with less power in society, which is logical. The economic and social rights of citizens are further collapsing not only in Serbia but globally, especially in Europe. The way it influences the exercise of political rights is the emergence of a new kind of voting body, especially young people who are much more progressive\u201d, said Danilo \u0106ur\u010di\u0107.<\/p>\n<p>\u0106ur\u010di\u0107 concluded that social assistance is difficult for some people in Serbia and that few will reach it fully. But \u0106ur\u010di\u0107 reminds that they the poorest ones are not the only one who just take from the system because on the other hand economic policy is wasting money on other things and it is highly questionable how it manages to manipulate the endangered mass.<\/p>\n<p>Watch the broadcast of the full discussion here.<\/p>\n","protected":false},"excerpt":{"rendered":"<p>The growing gap between the poor and the rich is one of the main strongholds of distrust in democracy. But the biggest problem is currently happening to the middle and middle-lower class, who are rebelling because they had reason to expect more than what is now being accomplished\u201d, was the conclusion brought by the discussion&#8230;<\/p>\n","protected":false},"author":3,"featured_media":12599,"comment_status":"open","ping_status":"open","sticky":false,"template":"","format":"standard","meta":{"_acf_changed":false,"footnotes":"","_links_to":"","_links_to_target":""},"categories":[218],"tags":[],"class_list":["post-19358","post","type-post","status-publish","format-standard","has-post-thumbnail","hentry","category-latest-en","ciTrackContent"],"acf":[],"yoast_head":"<!-- This site is optimized with the Yoast SEO plugin v27.4 - https:\/\/yoast.com\/product\/yoast-seo-wordpress\/ -->\n<title>The economic status of citizens has shaken faith in democracy - CRTA<\/title>\n<meta name=\"robots\" content=\"index, follow, max-snippet:-1, max-image-preview:large, max-video-preview:-1\" \/>\n<link rel=\"canonical\" href=\"https:\/\/crta.rs\/en\/the-economic-status-of-citizens-has-shaken-faith-in-democracy\/\" \/>\n<meta property=\"og:locale\" content=\"en_US\" \/>\n<meta property=\"og:type\" content=\"article\" \/>\n<meta property=\"og:title\" content=\"The economic status of citizens has shaken faith in democracy - CRTA\" \/>\n<meta property=\"og:description\" content=\"The growing gap between the poor and the rich is one of the main strongholds of distrust in democracy. But the biggest problem is currently happening to the middle and middle-lower class, who are rebelling because they had reason to expect more than what is now being accomplished\u201d, was the conclusion brought by the discussion...\" \/>\n<meta property=\"og:url\" content=\"https:\/\/crta.rs\/en\/the-economic-status-of-citizens-has-shaken-faith-in-democracy\/\" \/>\n<meta property=\"og:site_name\" content=\"CRTA\" \/>\n<meta property=\"article:publisher\" content=\"https:\/\/www.facebook.com\/CRTArs\/\" \/>\n<meta property=\"article:published_time\" content=\"2019-09-14T14:27:37+00:00\" \/>\n<meta property=\"article:modified_time\" content=\"2020-02-18T11:34:53+00:00\" \/>\n<meta property=\"og:image\" content=\"https:\/\/crta.rs\/wp-content\/uploads\/2019\/09\/da-li-je-i-gladan-covek-gradjanin-2-1.jpg\" \/>\n\t<meta property=\"og:image:width\" content=\"1600\" \/>\n\t<meta property=\"og:image:height\" content=\"1200\" \/>\n\t<meta property=\"og:image:type\" content=\"image\/jpeg\" \/>\n<meta name=\"author\" content=\"milica\" \/>\n<meta name=\"twitter:card\" content=\"summary_large_image\" \/>\n<meta name=\"twitter:label1\" content=\"Written by\" \/>\n\t<meta name=\"twitter:data1\" content=\"milica\" \/>\n\t<meta name=\"twitter:label2\" content=\"Est. reading time\" \/>\n\t<meta name=\"twitter:data2\" content=\"3 minutes\" \/>\n<script type=\"application\/ld+json\" class=\"yoast-schema-graph\">{\"@context\":\"https:\\\/\\\/schema.org\",\"@graph\":[{\"@type\":\"Article\",\"@id\":\"https:\\\/\\\/crta.rs\\\/en\\\/the-economic-status-of-citizens-has-shaken-faith-in-democracy\\\/#article\",\"isPartOf\":{\"@id\":\"https:\\\/\\\/crta.rs\\\/en\\\/the-economic-status-of-citizens-has-shaken-faith-in-democracy\\\/\"},\"author\":{\"name\":\"milica\",\"@id\":\"https:\\\/\\\/crta.rs\\\/en\\\/#\\\/schema\\\/person\\\/0cc37dbc4cb7d35b32379de6f98e1c7f\"},\"headline\":\"The economic status of citizens has shaken faith in democracy\",\"datePublished\":\"2019-09-14T14:27:37+00:00\",\"dateModified\":\"2020-02-18T11:34:53+00:00\",\"mainEntityOfPage\":{\"@id\":\"https:\\\/\\\/crta.rs\\\/en\\\/the-economic-status-of-citizens-has-shaken-faith-in-democracy\\\/\"},\"wordCount\":628,\"commentCount\":0,\"image\":{\"@id\":\"https:\\\/\\\/crta.rs\\\/en\\\/the-economic-status-of-citizens-has-shaken-faith-in-democracy\\\/#primaryimage\"},\"thumbnailUrl\":\"https:\\\/\\\/crta.rs\\\/wp-content\\\/uploads\\\/2019\\\/09\\\/da-li-je-i-gladan-covek-gradjanin-2-1.jpg\",\"articleSection\":[\"Latest\"],\"inLanguage\":\"en-US\",\"potentialAction\":[{\"@type\":\"CommentAction\",\"name\":\"Comment\",\"target\":[\"https:\\\/\\\/crta.rs\\\/en\\\/the-economic-status-of-citizens-has-shaken-faith-in-democracy\\\/#respond\"]}]},{\"@type\":\"WebPage\",\"@id\":\"https:\\\/\\\/crta.rs\\\/en\\\/the-economic-status-of-citizens-has-shaken-faith-in-democracy\\\/\",\"url\":\"https:\\\/\\\/crta.rs\\\/en\\\/the-economic-status-of-citizens-has-shaken-faith-in-democracy\\\/\",\"name\":\"The economic status of citizens has shaken faith in democracy - CRTA\",\"isPartOf\":{\"@id\":\"https:\\\/\\\/crta.rs\\\/en\\\/#website\"},\"primaryImageOfPage\":{\"@id\":\"https:\\\/\\\/crta.rs\\\/en\\\/the-economic-status-of-citizens-has-shaken-faith-in-democracy\\\/#primaryimage\"},\"image\":{\"@id\":\"https:\\\/\\\/crta.rs\\\/en\\\/the-economic-status-of-citizens-has-shaken-faith-in-democracy\\\/#primaryimage\"},\"thumbnailUrl\":\"https:\\\/\\\/crta.rs\\\/wp-content\\\/uploads\\\/2019\\\/09\\\/da-li-je-i-gladan-covek-gradjanin-2-1.jpg\",\"datePublished\":\"2019-09-14T14:27:37+00:00\",\"dateModified\":\"2020-02-18T11:34:53+00:00\",\"author\":{\"@id\":\"https:\\\/\\\/crta.rs\\\/en\\\/#\\\/schema\\\/person\\\/0cc37dbc4cb7d35b32379de6f98e1c7f\"},\"breadcrumb\":{\"@id\":\"https:\\\/\\\/crta.rs\\\/en\\\/the-economic-status-of-citizens-has-shaken-faith-in-democracy\\\/#breadcrumb\"},\"inLanguage\":\"en-US\",\"potentialAction\":[{\"@type\":\"ReadAction\",\"target\":[\"https:\\\/\\\/crta.rs\\\/en\\\/the-economic-status-of-citizens-has-shaken-faith-in-democracy\\\/\"]}]},{\"@type\":\"ImageObject\",\"inLanguage\":\"en-US\",\"@id\":\"https:\\\/\\\/crta.rs\\\/en\\\/the-economic-status-of-citizens-has-shaken-faith-in-democracy\\\/#primaryimage\",\"url\":\"https:\\\/\\\/crta.rs\\\/wp-content\\\/uploads\\\/2019\\\/09\\\/da-li-je-i-gladan-covek-gradjanin-2-1.jpg\",\"contentUrl\":\"https:\\\/\\\/crta.rs\\\/wp-content\\\/uploads\\\/2019\\\/09\\\/da-li-je-i-gladan-covek-gradjanin-2-1.jpg\",\"width\":1600,\"height\":1200,\"caption\":\"Photo by: CRTA\"},{\"@type\":\"BreadcrumbList\",\"@id\":\"https:\\\/\\\/crta.rs\\\/en\\\/the-economic-status-of-citizens-has-shaken-faith-in-democracy\\\/#breadcrumb\",\"itemListElement\":[{\"@type\":\"ListItem\",\"position\":1,\"name\":\"Home\",\"item\":\"https:\\\/\\\/crta.rs\\\/en\\\/\"},{\"@type\":\"ListItem\",\"position\":2,\"name\":\"Latest\",\"item\":\"https:\\\/\\\/crta.rs\\\/en\\\/category\\\/latest-en\\\/\"},{\"@type\":\"ListItem\",\"position\":3,\"name\":\"The economic status of citizens has shaken faith in democracy\"}]},{\"@type\":\"WebSite\",\"@id\":\"https:\\\/\\\/crta.rs\\\/en\\\/#website\",\"url\":\"https:\\\/\\\/crta.rs\\\/en\\\/\",\"name\":\"CRTA\",\"description\":\"Mi smo grupa aktivista i novinara koja zajedno sa gra\u0111anima uti\u010de na pove\u0107anje odgovornosti institucija i javnih funkcionera kroz pra\u0107enje i kontrolu njihovog rada.\",\"potentialAction\":[{\"@type\":\"SearchAction\",\"target\":{\"@type\":\"EntryPoint\",\"urlTemplate\":\"https:\\\/\\\/crta.rs\\\/en\\\/?s={search_term_string}\"},\"query-input\":{\"@type\":\"PropertyValueSpecification\",\"valueRequired\":true,\"valueName\":\"search_term_string\"}}],\"inLanguage\":\"en-US\"},{\"@type\":\"Person\",\"@id\":\"https:\\\/\\\/crta.rs\\\/en\\\/#\\\/schema\\\/person\\\/0cc37dbc4cb7d35b32379de6f98e1c7f\",\"name\":\"milica\",\"url\":\"https:\\\/\\\/crta.rs\\\/en\\\/author\\\/milica\\\/\"}]}<\/script>\n<!-- \/ Yoast SEO plugin. -->","yoast_head_json":{"title":"The economic status of citizens has shaken faith in democracy - CRTA","robots":{"index":"index","follow":"follow","max-snippet":"max-snippet:-1","max-image-preview":"max-image-preview:large","max-video-preview":"max-video-preview:-1"},"canonical":"https:\/\/crta.rs\/en\/the-economic-status-of-citizens-has-shaken-faith-in-democracy\/","og_locale":"en_US","og_type":"article","og_title":"The economic status of citizens has shaken faith in democracy - CRTA","og_description":"The growing gap between the poor and the rich is one of the main strongholds of distrust in democracy. But the biggest problem is currently happening to the middle and middle-lower class, who are rebelling because they had reason to expect more than what is now being accomplished\u201d, was the conclusion brought by the discussion...","og_url":"https:\/\/crta.rs\/en\/the-economic-status-of-citizens-has-shaken-faith-in-democracy\/","og_site_name":"CRTA","article_publisher":"https:\/\/www.facebook.com\/CRTArs\/","article_published_time":"2019-09-14T14:27:37+00:00","article_modified_time":"2020-02-18T11:34:53+00:00","og_image":[{"width":1600,"height":1200,"url":"https:\/\/crta.rs\/wp-content\/uploads\/2019\/09\/da-li-je-i-gladan-covek-gradjanin-2-1.jpg","type":"image\/jpeg"}],"author":"milica","twitter_card":"summary_large_image","twitter_misc":{"Written by":"milica","Est. reading time":"3 minutes"},"schema":{"@context":"https:\/\/schema.org","@graph":[{"@type":"Article","@id":"https:\/\/crta.rs\/en\/the-economic-status-of-citizens-has-shaken-faith-in-democracy\/#article","isPartOf":{"@id":"https:\/\/crta.rs\/en\/the-economic-status-of-citizens-has-shaken-faith-in-democracy\/"},"author":{"name":"milica","@id":"https:\/\/crta.rs\/en\/#\/schema\/person\/0cc37dbc4cb7d35b32379de6f98e1c7f"},"headline":"The economic status of citizens has shaken faith in democracy","datePublished":"2019-09-14T14:27:37+00:00","dateModified":"2020-02-18T11:34:53+00:00","mainEntityOfPage":{"@id":"https:\/\/crta.rs\/en\/the-economic-status-of-citizens-has-shaken-faith-in-democracy\/"},"wordCount":628,"commentCount":0,"image":{"@id":"https:\/\/crta.rs\/en\/the-economic-status-of-citizens-has-shaken-faith-in-democracy\/#primaryimage"},"thumbnailUrl":"https:\/\/crta.rs\/wp-content\/uploads\/2019\/09\/da-li-je-i-gladan-covek-gradjanin-2-1.jpg","articleSection":["Latest"],"inLanguage":"en-US","potentialAction":[{"@type":"CommentAction","name":"Comment","target":["https:\/\/crta.rs\/en\/the-economic-status-of-citizens-has-shaken-faith-in-democracy\/#respond"]}]},{"@type":"WebPage","@id":"https:\/\/crta.rs\/en\/the-economic-status-of-citizens-has-shaken-faith-in-democracy\/","url":"https:\/\/crta.rs\/en\/the-economic-status-of-citizens-has-shaken-faith-in-democracy\/","name":"The economic status of citizens has shaken faith in democracy - CRTA","isPartOf":{"@id":"https:\/\/crta.rs\/en\/#website"},"primaryImageOfPage":{"@id":"https:\/\/crta.rs\/en\/the-economic-status-of-citizens-has-shaken-faith-in-democracy\/#primaryimage"},"image":{"@id":"https:\/\/crta.rs\/en\/the-economic-status-of-citizens-has-shaken-faith-in-democracy\/#primaryimage"},"thumbnailUrl":"https:\/\/crta.rs\/wp-content\/uploads\/2019\/09\/da-li-je-i-gladan-covek-gradjanin-2-1.jpg","datePublished":"2019-09-14T14:27:37+00:00","dateModified":"2020-02-18T11:34:53+00:00","author":{"@id":"https:\/\/crta.rs\/en\/#\/schema\/person\/0cc37dbc4cb7d35b32379de6f98e1c7f"},"breadcrumb":{"@id":"https:\/\/crta.rs\/en\/the-economic-status-of-citizens-has-shaken-faith-in-democracy\/#breadcrumb"},"inLanguage":"en-US","potentialAction":[{"@type":"ReadAction","target":["https:\/\/crta.rs\/en\/the-economic-status-of-citizens-has-shaken-faith-in-democracy\/"]}]},{"@type":"ImageObject","inLanguage":"en-US","@id":"https:\/\/crta.rs\/en\/the-economic-status-of-citizens-has-shaken-faith-in-democracy\/#primaryimage","url":"https:\/\/crta.rs\/wp-content\/uploads\/2019\/09\/da-li-je-i-gladan-covek-gradjanin-2-1.jpg","contentUrl":"https:\/\/crta.rs\/wp-content\/uploads\/2019\/09\/da-li-je-i-gladan-covek-gradjanin-2-1.jpg","width":1600,"height":1200,"caption":"Photo by: CRTA"},{"@type":"BreadcrumbList","@id":"https:\/\/crta.rs\/en\/the-economic-status-of-citizens-has-shaken-faith-in-democracy\/#breadcrumb","itemListElement":[{"@type":"ListItem","position":1,"name":"Home","item":"https:\/\/crta.rs\/en\/"},{"@type":"ListItem","position":2,"name":"Latest","item":"https:\/\/crta.rs\/en\/category\/latest-en\/"},{"@type":"ListItem","position":3,"name":"The economic status of citizens has shaken faith in democracy"}]},{"@type":"WebSite","@id":"https:\/\/crta.rs\/en\/#website","url":"https:\/\/crta.rs\/en\/","name":"CRTA","description":"Mi smo grupa aktivista i novinara koja zajedno sa gra\u0111anima uti\u010de na pove\u0107anje odgovornosti institucija i javnih funkcionera kroz pra\u0107enje i kontrolu njihovog rada.","potentialAction":[{"@type":"SearchAction","target":{"@type":"EntryPoint","urlTemplate":"https:\/\/crta.rs\/en\/?s={search_term_string}"},"query-input":{"@type":"PropertyValueSpecification","valueRequired":true,"valueName":"search_term_string"}}],"inLanguage":"en-US"},{"@type":"Person","@id":"https:\/\/crta.rs\/en\/#\/schema\/person\/0cc37dbc4cb7d35b32379de6f98e1c7f","name":"milica","url":"https:\/\/crta.rs\/en\/author\/milica\/"}]}},"_links":{"self":[{"href":"https:\/\/crta.rs\/en\/wp-json\/wp\/v2\/posts\/19358","targetHints":{"allow":["GET"]}}],"collection":[{"href":"https:\/\/crta.rs\/en\/wp-json\/wp\/v2\/posts"}],"about":[{"href":"https:\/\/crta.rs\/en\/wp-json\/wp\/v2\/types\/post"}],"author":[{"embeddable":true,"href":"https:\/\/crta.rs\/en\/wp-json\/wp\/v2\/users\/3"}],"replies":[{"embeddable":true,"href":"https:\/\/crta.rs\/en\/wp-json\/wp\/v2\/comments?post=19358"}],"version-history":[{"count":4,"href":"https:\/\/crta.rs\/en\/wp-json\/wp\/v2\/posts\/19358\/revisions"}],"predecessor-version":[{"id":21990,"href":"https:\/\/crta.rs\/en\/wp-json\/wp\/v2\/posts\/19358\/revisions\/21990"}],"wp:featuredmedia":[{"embeddable":true,"href":"https:\/\/crta.rs\/en\/wp-json\/wp\/v2\/media\/12599"}],"wp:attachment":[{"href":"https:\/\/crta.rs\/en\/wp-json\/wp\/v2\/media?parent=19358"}],"wp:term":[{"taxonomy":"category","embeddable":true,"href":"https:\/\/crta.rs\/en\/wp-json\/wp\/v2\/categories?post=19358"},{"taxonomy":"post_tag","embeddable":true,"href":"https:\/\/crta.rs\/en\/wp-json\/wp\/v2\/tags?post=19358"}],"curies":[{"name":"wp","href":"https:\/\/api.w.org\/{rel}","templated":true}]}}