{"id":19345,"date":"2019-09-13T15:42:43","date_gmt":"2019-09-13T13:42:43","guid":{"rendered":"https:\/\/crta.rs\/?p=19345"},"modified":"2020-02-18T12:34:17","modified_gmt":"2020-02-18T11:34:17","slug":"citizens-lose-confidence-in-the-voters-register","status":"publish","type":"post","link":"https:\/\/crta.rs\/en\/citizens-lose-confidence-in-the-voters-register\/","title":{"rendered":"Citizens lose confidence in the voters\u2019 register"},"content":{"rendered":"<p>\u201cCitizens are less and less confident in the up-to-datedness and accuracy of the voters\u2019 register. Although the voter\u2019s register is not the biggest election problem, it certainly is one of the many segments that make the elections free and fair. Losing citizens\u2019 trust negatively affects all the conditions of the electoral process,\u201d was the conclusion brought by the discussion \u201cEverything according to the register?\u201d organised by\u00a0<a href=\"https:\/\/crta.rs\/en\/\">CRTA<\/a>\u00a0 within the\u00a0<a href=\"https:\/\/demfest.crta.rs\/\">Festival of Democracy<\/a>.<\/p>\n<p>Participants in the discussion Marko Ivkovi,\u0107 Program Director for Regional Elections and Political Empowerment at the National Democratic Institute, Ra\u0161a Nedeljkov, Programme Director at CRTA and Du\u0161an Spasojevi\u0107, PhD, Assistant Professor at the Faculty of Political Sciences, University of Belgrade, agreed that most conditions in the electoral process require a complete change in electoral legislation, but that the key problems are actually caused by political will.<\/p>\n<p>\u201cInternational practice indicates that certain fundamental changes cannot be actualised in less than a year. Fundamental changes take time to make the results more effective. Therefore, the recommendations for improving the electoral requirements of CRTA\u2019s organisation are made so that they can be implemented within one year. Also, solutions should be sought in order to find out how to improve the conditions between the two election cycles\u201d, said Marko Ivkovi\u0107.<\/p>\n<p>Ivkovi\u0107 also stressed that the goal and the role of civil society organisations and international organisations are not to change political decisions, but to see what extent it is possible to improve the work of institutions, so that decisions that affect citizens\u2019 lives are made transparently and are subject to influence and change.<\/p>\n<div id=\"attachment_12637\" style=\"width: 1610px\" class=\"wp-caption alignnone\"><img loading=\"lazy\" decoding=\"async\" aria-describedby=\"caption-attachment-12637\" class=\"wp-image-12637 size-full\" src=\"https:\/\/crta.rs\/wp-content\/uploads\/2019\/09\/sve-po-spisku-3.jpg\" alt=\"\" width=\"1600\" height=\"901\" srcset=\"https:\/\/crta.rs\/wp-content\/uploads\/2019\/09\/sve-po-spisku-3.jpg 1600w, https:\/\/crta.rs\/wp-content\/uploads\/2019\/09\/sve-po-spisku-3-600x338.jpg 600w, https:\/\/crta.rs\/wp-content\/uploads\/2019\/09\/sve-po-spisku-3-300x169.jpg 300w, https:\/\/crta.rs\/wp-content\/uploads\/2019\/09\/sve-po-spisku-3-1024x577.jpg 1024w, https:\/\/crta.rs\/wp-content\/uploads\/2019\/09\/sve-po-spisku-3-768x432.jpg 768w, https:\/\/crta.rs\/wp-content\/uploads\/2019\/09\/sve-po-spisku-3-1536x865.jpg 1536w, https:\/\/crta.rs\/wp-content\/uploads\/2019\/09\/sve-po-spisku-3-500x282.jpg 500w\" sizes=\"auto, (max-width: 1600px) 100vw, 1600px\" \/><p id=\"caption-attachment-12637\" class=\"wp-caption-text\">Photo by: CRTA<\/p><\/div>\n<p>\u201cOne of the segments of the electoral process that needs to be changed is the confidence of citizens in the electoral process, and the question is what the state has to do to convince its citizens that what they are doing is right. About 60 per cent of citizens believe the voters\u2019 register has not been updated. If more than half of the Serbian population thinks it is wrong, then what is the state doing in order to change that attitude? One of our recommendations is to revise the voters\u2019 register according to the international methodology. In the previous decades, the voters\u2019 register was between the authorities and the opposition, always one side blaming the other. We, as the public, do not know if the register is accurate or not, we can only trust the holders of power\u201d, said Ra\u0161a Nedeljkov.<\/p>\n<p>Nedeljkov added that it is necessary to increase transparency and the way the state and the administration announce to the citizens what are the moves they are undertaking in order to improve the actual and concrete things in relation to which fears and concerns have been conveyed.<\/p>\n<p>\u201cThe voters\u2019 register is important, but above all from the perspective of citizens\u2019 trust. This does not significantly affect the election result itself; there are many other crucial factors that have a negative impact. I would single out the issue of the public sphere and the media, which are a key issue during the election process. When we talk about the media, we can see that the representatives of the authorities are not at all willing to work on improving the whole situation, and that is worrying. It is really difficult to advocate for elections in these conditions\u201d, said Du\u0161an Spasojevi\u0107.<\/p>\n<p>Spasojevi\u0107 concluded that we live in a society in which boycott attracts more attention than recommendations for improving electoral conditions, which is devastating. But this is due to the situation that probably the recommendations can no longer help.<\/p>\n<p>Watch the broadcast of the full discussion here.<\/p>\n","protected":false},"excerpt":{"rendered":"<p>\u201cCitizens are less and less confident in the up-to-datedness and accuracy of the voters\u2019 register. Although the voter\u2019s register is not the biggest election problem, it certainly is one of the many segments that make the elections free and fair. Losing citizens\u2019 trust negatively affects all the conditions of the electoral process,\u201d was the conclusion brought by the discussion \u201cEverything according to the register?\u201d organised by\u00a0CRTA\u00a0 within the\u00a0Festival of Democracy.<\/p>\n","protected":false},"author":3,"featured_media":19346,"comment_status":"open","ping_status":"open","sticky":false,"template":"","format":"standard","meta":{"_acf_changed":false,"footnotes":"","_links_to":"","_links_to_target":""},"categories":[218],"tags":[716,721],"class_list":["post-19345","post","type-post","status-publish","format-standard","has-post-thumbnail","hentry","category-latest-en","tag-festival-of-democracy","tag-voters-register","ciTrackContent"],"acf":[],"yoast_head":"<!-- This site is optimized with the Yoast SEO plugin v27.4 - https:\/\/yoast.com\/product\/yoast-seo-wordpress\/ -->\n<title>Citizens lose confidence in the voters\u2019 register - CRTA<\/title>\n<meta name=\"robots\" content=\"index, follow, max-snippet:-1, max-image-preview:large, max-video-preview:-1\" \/>\n<link rel=\"canonical\" href=\"https:\/\/crta.rs\/en\/citizens-lose-confidence-in-the-voters-register\/\" \/>\n<meta property=\"og:locale\" content=\"en_US\" \/>\n<meta property=\"og:type\" content=\"article\" \/>\n<meta property=\"og:title\" content=\"Citizens lose confidence in the voters\u2019 register - CRTA\" \/>\n<meta property=\"og:description\" content=\"\u201cCitizens are less and less confident in the up-to-datedness and accuracy of the voters\u2019 register. Although the voter\u2019s register is not the biggest election problem, it certainly is one of the many segments that make the elections free and fair. Losing citizens\u2019 trust negatively affects all the conditions of the electoral process,\u201d was the conclusion brought by the discussion \u201cEverything according to the register?\u201d organised by\u00a0CRTA\u00a0 within the\u00a0Festival of Democracy.\" \/>\n<meta property=\"og:url\" content=\"https:\/\/crta.rs\/en\/citizens-lose-confidence-in-the-voters-register\/\" \/>\n<meta property=\"og:site_name\" content=\"CRTA\" \/>\n<meta property=\"article:publisher\" content=\"https:\/\/www.facebook.com\/CRTArs\/\" \/>\n<meta property=\"article:published_time\" content=\"2019-09-13T13:42:43+00:00\" \/>\n<meta property=\"article:modified_time\" content=\"2020-02-18T11:34:17+00:00\" \/>\n<meta property=\"og:image\" content=\"https:\/\/crta.rs\/wp-content\/uploads\/2019\/03\/sve-po-spisku-1.jpg\" \/>\n\t<meta property=\"og:image:width\" content=\"1600\" \/>\n\t<meta property=\"og:image:height\" content=\"757\" \/>\n\t<meta property=\"og:image:type\" content=\"image\/jpeg\" \/>\n<meta name=\"author\" content=\"milica\" \/>\n<meta name=\"twitter:card\" content=\"summary_large_image\" \/>\n<meta name=\"twitter:label1\" content=\"Written by\" \/>\n\t<meta name=\"twitter:data1\" content=\"milica\" \/>\n\t<meta name=\"twitter:label2\" content=\"Est. reading time\" \/>\n\t<meta name=\"twitter:data2\" content=\"3 minutes\" \/>\n<script type=\"application\/ld+json\" class=\"yoast-schema-graph\">{\"@context\":\"https:\\\/\\\/schema.org\",\"@graph\":[{\"@type\":\"Article\",\"@id\":\"https:\\\/\\\/crta.rs\\\/en\\\/citizens-lose-confidence-in-the-voters-register\\\/#article\",\"isPartOf\":{\"@id\":\"https:\\\/\\\/crta.rs\\\/en\\\/citizens-lose-confidence-in-the-voters-register\\\/\"},\"author\":{\"name\":\"milica\",\"@id\":\"https:\\\/\\\/crta.rs\\\/en\\\/#\\\/schema\\\/person\\\/0cc37dbc4cb7d35b32379de6f98e1c7f\"},\"headline\":\"Citizens lose confidence in the voters\u2019 register\",\"datePublished\":\"2019-09-13T13:42:43+00:00\",\"dateModified\":\"2020-02-18T11:34:17+00:00\",\"mainEntityOfPage\":{\"@id\":\"https:\\\/\\\/crta.rs\\\/en\\\/citizens-lose-confidence-in-the-voters-register\\\/\"},\"wordCount\":618,\"commentCount\":0,\"image\":{\"@id\":\"https:\\\/\\\/crta.rs\\\/en\\\/citizens-lose-confidence-in-the-voters-register\\\/#primaryimage\"},\"thumbnailUrl\":\"https:\\\/\\\/crta.rs\\\/wp-content\\\/uploads\\\/2019\\\/03\\\/sve-po-spisku-1.jpg\",\"keywords\":[\"festival of democracy\",\"voters\u2019 register\"],\"articleSection\":[\"Latest\"],\"inLanguage\":\"en-US\",\"potentialAction\":[{\"@type\":\"CommentAction\",\"name\":\"Comment\",\"target\":[\"https:\\\/\\\/crta.rs\\\/en\\\/citizens-lose-confidence-in-the-voters-register\\\/#respond\"]}]},{\"@type\":\"WebPage\",\"@id\":\"https:\\\/\\\/crta.rs\\\/en\\\/citizens-lose-confidence-in-the-voters-register\\\/\",\"url\":\"https:\\\/\\\/crta.rs\\\/en\\\/citizens-lose-confidence-in-the-voters-register\\\/\",\"name\":\"Citizens lose confidence in the voters\u2019 register - CRTA\",\"isPartOf\":{\"@id\":\"https:\\\/\\\/crta.rs\\\/en\\\/#website\"},\"primaryImageOfPage\":{\"@id\":\"https:\\\/\\\/crta.rs\\\/en\\\/citizens-lose-confidence-in-the-voters-register\\\/#primaryimage\"},\"image\":{\"@id\":\"https:\\\/\\\/crta.rs\\\/en\\\/citizens-lose-confidence-in-the-voters-register\\\/#primaryimage\"},\"thumbnailUrl\":\"https:\\\/\\\/crta.rs\\\/wp-content\\\/uploads\\\/2019\\\/03\\\/sve-po-spisku-1.jpg\",\"datePublished\":\"2019-09-13T13:42:43+00:00\",\"dateModified\":\"2020-02-18T11:34:17+00:00\",\"author\":{\"@id\":\"https:\\\/\\\/crta.rs\\\/en\\\/#\\\/schema\\\/person\\\/0cc37dbc4cb7d35b32379de6f98e1c7f\"},\"breadcrumb\":{\"@id\":\"https:\\\/\\\/crta.rs\\\/en\\\/citizens-lose-confidence-in-the-voters-register\\\/#breadcrumb\"},\"inLanguage\":\"en-US\",\"potentialAction\":[{\"@type\":\"ReadAction\",\"target\":[\"https:\\\/\\\/crta.rs\\\/en\\\/citizens-lose-confidence-in-the-voters-register\\\/\"]}]},{\"@type\":\"ImageObject\",\"inLanguage\":\"en-US\",\"@id\":\"https:\\\/\\\/crta.rs\\\/en\\\/citizens-lose-confidence-in-the-voters-register\\\/#primaryimage\",\"url\":\"https:\\\/\\\/crta.rs\\\/wp-content\\\/uploads\\\/2019\\\/03\\\/sve-po-spisku-1.jpg\",\"contentUrl\":\"https:\\\/\\\/crta.rs\\\/wp-content\\\/uploads\\\/2019\\\/03\\\/sve-po-spisku-1.jpg\",\"width\":1600,\"height\":757,\"caption\":\"Photo by: CRTA\"},{\"@type\":\"BreadcrumbList\",\"@id\":\"https:\\\/\\\/crta.rs\\\/en\\\/citizens-lose-confidence-in-the-voters-register\\\/#breadcrumb\",\"itemListElement\":[{\"@type\":\"ListItem\",\"position\":1,\"name\":\"Home\",\"item\":\"https:\\\/\\\/crta.rs\\\/en\\\/\"},{\"@type\":\"ListItem\",\"position\":2,\"name\":\"Latest\",\"item\":\"https:\\\/\\\/crta.rs\\\/en\\\/category\\\/latest-en\\\/\"},{\"@type\":\"ListItem\",\"position\":3,\"name\":\"Citizens lose confidence in the voters\u2019 register\"}]},{\"@type\":\"WebSite\",\"@id\":\"https:\\\/\\\/crta.rs\\\/en\\\/#website\",\"url\":\"https:\\\/\\\/crta.rs\\\/en\\\/\",\"name\":\"CRTA\",\"description\":\"Mi smo grupa aktivista i novinara koja zajedno sa gra\u0111anima uti\u010de na pove\u0107anje odgovornosti institucija i javnih funkcionera kroz pra\u0107enje i kontrolu njihovog rada.\",\"potentialAction\":[{\"@type\":\"SearchAction\",\"target\":{\"@type\":\"EntryPoint\",\"urlTemplate\":\"https:\\\/\\\/crta.rs\\\/en\\\/?s={search_term_string}\"},\"query-input\":{\"@type\":\"PropertyValueSpecification\",\"valueRequired\":true,\"valueName\":\"search_term_string\"}}],\"inLanguage\":\"en-US\"},{\"@type\":\"Person\",\"@id\":\"https:\\\/\\\/crta.rs\\\/en\\\/#\\\/schema\\\/person\\\/0cc37dbc4cb7d35b32379de6f98e1c7f\",\"name\":\"milica\",\"url\":\"https:\\\/\\\/crta.rs\\\/en\\\/author\\\/milica\\\/\"}]}<\/script>\n<!-- \/ Yoast SEO plugin. -->","yoast_head_json":{"title":"Citizens lose confidence in the voters\u2019 register - CRTA","robots":{"index":"index","follow":"follow","max-snippet":"max-snippet:-1","max-image-preview":"max-image-preview:large","max-video-preview":"max-video-preview:-1"},"canonical":"https:\/\/crta.rs\/en\/citizens-lose-confidence-in-the-voters-register\/","og_locale":"en_US","og_type":"article","og_title":"Citizens lose confidence in the voters\u2019 register - CRTA","og_description":"\u201cCitizens are less and less confident in the up-to-datedness and accuracy of the voters\u2019 register. Although the voter\u2019s register is not the biggest election problem, it certainly is one of the many segments that make the elections free and fair. Losing citizens\u2019 trust negatively affects all the conditions of the electoral process,\u201d was the conclusion brought by the discussion \u201cEverything according to the register?\u201d organised by\u00a0CRTA\u00a0 within the\u00a0Festival of Democracy.","og_url":"https:\/\/crta.rs\/en\/citizens-lose-confidence-in-the-voters-register\/","og_site_name":"CRTA","article_publisher":"https:\/\/www.facebook.com\/CRTArs\/","article_published_time":"2019-09-13T13:42:43+00:00","article_modified_time":"2020-02-18T11:34:17+00:00","og_image":[{"width":1600,"height":757,"url":"https:\/\/crta.rs\/wp-content\/uploads\/2019\/03\/sve-po-spisku-1.jpg","type":"image\/jpeg"}],"author":"milica","twitter_card":"summary_large_image","twitter_misc":{"Written by":"milica","Est. reading time":"3 minutes"},"schema":{"@context":"https:\/\/schema.org","@graph":[{"@type":"Article","@id":"https:\/\/crta.rs\/en\/citizens-lose-confidence-in-the-voters-register\/#article","isPartOf":{"@id":"https:\/\/crta.rs\/en\/citizens-lose-confidence-in-the-voters-register\/"},"author":{"name":"milica","@id":"https:\/\/crta.rs\/en\/#\/schema\/person\/0cc37dbc4cb7d35b32379de6f98e1c7f"},"headline":"Citizens lose confidence in the voters\u2019 register","datePublished":"2019-09-13T13:42:43+00:00","dateModified":"2020-02-18T11:34:17+00:00","mainEntityOfPage":{"@id":"https:\/\/crta.rs\/en\/citizens-lose-confidence-in-the-voters-register\/"},"wordCount":618,"commentCount":0,"image":{"@id":"https:\/\/crta.rs\/en\/citizens-lose-confidence-in-the-voters-register\/#primaryimage"},"thumbnailUrl":"https:\/\/crta.rs\/wp-content\/uploads\/2019\/03\/sve-po-spisku-1.jpg","keywords":["festival of democracy","voters\u2019 register"],"articleSection":["Latest"],"inLanguage":"en-US","potentialAction":[{"@type":"CommentAction","name":"Comment","target":["https:\/\/crta.rs\/en\/citizens-lose-confidence-in-the-voters-register\/#respond"]}]},{"@type":"WebPage","@id":"https:\/\/crta.rs\/en\/citizens-lose-confidence-in-the-voters-register\/","url":"https:\/\/crta.rs\/en\/citizens-lose-confidence-in-the-voters-register\/","name":"Citizens lose confidence in the voters\u2019 register - CRTA","isPartOf":{"@id":"https:\/\/crta.rs\/en\/#website"},"primaryImageOfPage":{"@id":"https:\/\/crta.rs\/en\/citizens-lose-confidence-in-the-voters-register\/#primaryimage"},"image":{"@id":"https:\/\/crta.rs\/en\/citizens-lose-confidence-in-the-voters-register\/#primaryimage"},"thumbnailUrl":"https:\/\/crta.rs\/wp-content\/uploads\/2019\/03\/sve-po-spisku-1.jpg","datePublished":"2019-09-13T13:42:43+00:00","dateModified":"2020-02-18T11:34:17+00:00","author":{"@id":"https:\/\/crta.rs\/en\/#\/schema\/person\/0cc37dbc4cb7d35b32379de6f98e1c7f"},"breadcrumb":{"@id":"https:\/\/crta.rs\/en\/citizens-lose-confidence-in-the-voters-register\/#breadcrumb"},"inLanguage":"en-US","potentialAction":[{"@type":"ReadAction","target":["https:\/\/crta.rs\/en\/citizens-lose-confidence-in-the-voters-register\/"]}]},{"@type":"ImageObject","inLanguage":"en-US","@id":"https:\/\/crta.rs\/en\/citizens-lose-confidence-in-the-voters-register\/#primaryimage","url":"https:\/\/crta.rs\/wp-content\/uploads\/2019\/03\/sve-po-spisku-1.jpg","contentUrl":"https:\/\/crta.rs\/wp-content\/uploads\/2019\/03\/sve-po-spisku-1.jpg","width":1600,"height":757,"caption":"Photo by: CRTA"},{"@type":"BreadcrumbList","@id":"https:\/\/crta.rs\/en\/citizens-lose-confidence-in-the-voters-register\/#breadcrumb","itemListElement":[{"@type":"ListItem","position":1,"name":"Home","item":"https:\/\/crta.rs\/en\/"},{"@type":"ListItem","position":2,"name":"Latest","item":"https:\/\/crta.rs\/en\/category\/latest-en\/"},{"@type":"ListItem","position":3,"name":"Citizens lose confidence in the voters\u2019 register"}]},{"@type":"WebSite","@id":"https:\/\/crta.rs\/en\/#website","url":"https:\/\/crta.rs\/en\/","name":"CRTA","description":"Mi smo grupa aktivista i novinara koja zajedno sa gra\u0111anima uti\u010de na pove\u0107anje odgovornosti institucija i javnih funkcionera kroz pra\u0107enje i kontrolu njihovog rada.","potentialAction":[{"@type":"SearchAction","target":{"@type":"EntryPoint","urlTemplate":"https:\/\/crta.rs\/en\/?s={search_term_string}"},"query-input":{"@type":"PropertyValueSpecification","valueRequired":true,"valueName":"search_term_string"}}],"inLanguage":"en-US"},{"@type":"Person","@id":"https:\/\/crta.rs\/en\/#\/schema\/person\/0cc37dbc4cb7d35b32379de6f98e1c7f","name":"milica","url":"https:\/\/crta.rs\/en\/author\/milica\/"}]}},"_links":{"self":[{"href":"https:\/\/crta.rs\/en\/wp-json\/wp\/v2\/posts\/19345","targetHints":{"allow":["GET"]}}],"collection":[{"href":"https:\/\/crta.rs\/en\/wp-json\/wp\/v2\/posts"}],"about":[{"href":"https:\/\/crta.rs\/en\/wp-json\/wp\/v2\/types\/post"}],"author":[{"embeddable":true,"href":"https:\/\/crta.rs\/en\/wp-json\/wp\/v2\/users\/3"}],"replies":[{"embeddable":true,"href":"https:\/\/crta.rs\/en\/wp-json\/wp\/v2\/comments?post=19345"}],"version-history":[{"count":6,"href":"https:\/\/crta.rs\/en\/wp-json\/wp\/v2\/posts\/19345\/revisions"}],"predecessor-version":[{"id":21989,"href":"https:\/\/crta.rs\/en\/wp-json\/wp\/v2\/posts\/19345\/revisions\/21989"}],"wp:featuredmedia":[{"embeddable":true,"href":"https:\/\/crta.rs\/en\/wp-json\/wp\/v2\/media\/19346"}],"wp:attachment":[{"href":"https:\/\/crta.rs\/en\/wp-json\/wp\/v2\/media?parent=19345"}],"wp:term":[{"taxonomy":"category","embeddable":true,"href":"https:\/\/crta.rs\/en\/wp-json\/wp\/v2\/categories?post=19345"},{"taxonomy":"post_tag","embeddable":true,"href":"https:\/\/crta.rs\/en\/wp-json\/wp\/v2\/tags?post=19345"}],"curies":[{"name":"wp","href":"https:\/\/api.w.org\/{rel}","templated":true}]}}