{"id":1806,"date":"2014-12-11T15:59:20","date_gmt":"2014-12-11T15:59:20","guid":{"rendered":"https:\/\/crta.rs\/?p=1806"},"modified":"2020-01-13T16:15:05","modified_gmt":"2020-01-13T16:15:05","slug":"parliamentary-openness-index-serbia-and-the-region","status":"publish","type":"post","link":"https:\/\/crta.rs\/en\/parliamentary-openness-index-serbia-and-the-region\/","title":{"rendered":"Parliamentary Openness Index &#8211; Serbia and the Region"},"content":{"rendered":"<p>The \u201cParliamentary Openness Index in Serbia and the Region\u201c report aims to inform us on the status of parliamentary openness in the region and is based on the study of applied criteria for parliamentary openness contained in the Declaration on Parliament.<\/p>\n","protected":false},"excerpt":{"rendered":"<p>The \u201cParliamentary Openness Index in Serbia and the Region\u201c report aims to inform us on the status of parliamentary openness in the region and is based on the study of applied criteria for parliamentary openness contained in the Declaration on Parliament.<\/p>\n","protected":false},"author":3,"featured_media":1807,"comment_status":"open","ping_status":"open","sticky":false,"template":"","format":"standard","meta":{"_acf_changed":false,"footnotes":"","_links_to":"","_links_to_target":""},"categories":[75],"tags":[101,92,76,102],"class_list":["post-1806","post","type-post","status-publish","format-standard","has-post-thumbnail","hentry","category-publication-en","tag-openness","tag-parliament","tag-research","tag-transparency","ciTrackContent"],"acf":[],"yoast_head":"<!-- This site is optimized with the Yoast SEO plugin v27.4 - https:\/\/yoast.com\/product\/yoast-seo-wordpress\/ -->\n<title>Parliamentary Openness Index - Serbia and the Region - CRTA<\/title>\n<meta name=\"robots\" content=\"index, follow, max-snippet:-1, max-image-preview:large, max-video-preview:-1\" \/>\n<link rel=\"canonical\" href=\"https:\/\/crta.rs\/en\/parliamentary-openness-index-serbia-and-the-region\/\" \/>\n<meta property=\"og:locale\" content=\"en_US\" \/>\n<meta property=\"og:type\" content=\"article\" \/>\n<meta property=\"og:title\" content=\"Parliamentary Openness Index - Serbia and the Region - CRTA\" \/>\n<meta property=\"og:description\" content=\"The \u201cParliamentary Openness Index in Serbia and the Region\u201c report aims to inform us on the status of parliamentary openness in the region and is based on the study of applied criteria for parliamentary openness contained in the Declaration on Parliament.\" \/>\n<meta property=\"og:url\" content=\"https:\/\/crta.rs\/en\/parliamentary-openness-index-serbia-and-the-region\/\" \/>\n<meta property=\"og:site_name\" content=\"CRTA\" \/>\n<meta property=\"article:publisher\" content=\"https:\/\/www.facebook.com\/CRTArs\/\" \/>\n<meta property=\"article:published_time\" content=\"2014-12-11T15:59:20+00:00\" \/>\n<meta property=\"article:modified_time\" content=\"2020-01-13T16:15:05+00:00\" \/>\n<meta property=\"og:image\" content=\"https:\/\/crta.rs\/wp-content\/uploads\/2018\/03\/Indexx-of-openness-2014.png\" \/>\n\t<meta property=\"og:image:width\" content=\"499\" \/>\n\t<meta property=\"og:image:height\" content=\"661\" \/>\n\t<meta property=\"og:image:type\" content=\"image\/png\" \/>\n<meta name=\"author\" content=\"milica\" \/>\n<meta name=\"twitter:card\" content=\"summary_large_image\" \/>\n<meta name=\"twitter:label1\" content=\"Written by\" \/>\n\t<meta name=\"twitter:data1\" content=\"milica\" \/>\n<script type=\"application\/ld+json\" class=\"yoast-schema-graph\">{\"@context\":\"https:\\\/\\\/schema.org\",\"@graph\":[{\"@type\":\"Article\",\"@id\":\"https:\\\/\\\/crta.rs\\\/en\\\/parliamentary-openness-index-serbia-and-the-region\\\/#article\",\"isPartOf\":{\"@id\":\"https:\\\/\\\/crta.rs\\\/en\\\/parliamentary-openness-index-serbia-and-the-region\\\/\"},\"author\":{\"name\":\"milica\",\"@id\":\"https:\\\/\\\/crta.rs\\\/en\\\/#\\\/schema\\\/person\\\/0cc37dbc4cb7d35b32379de6f98e1c7f\"},\"headline\":\"Parliamentary Openness Index &#8211; Serbia and the Region\",\"datePublished\":\"2014-12-11T15:59:20+00:00\",\"dateModified\":\"2020-01-13T16:15:05+00:00\",\"mainEntityOfPage\":{\"@id\":\"https:\\\/\\\/crta.rs\\\/en\\\/parliamentary-openness-index-serbia-and-the-region\\\/\"},\"wordCount\":49,\"commentCount\":0,\"image\":{\"@id\":\"https:\\\/\\\/crta.rs\\\/en\\\/parliamentary-openness-index-serbia-and-the-region\\\/#primaryimage\"},\"thumbnailUrl\":\"https:\\\/\\\/crta.rs\\\/wp-content\\\/uploads\\\/2018\\\/03\\\/Indexx-of-openness-2014.png\",\"keywords\":[\"openness\",\"parliament\",\"research\",\"transparency\"],\"articleSection\":[\"Publications\"],\"inLanguage\":\"en-US\",\"potentialAction\":[{\"@type\":\"CommentAction\",\"name\":\"Comment\",\"target\":[\"https:\\\/\\\/crta.rs\\\/en\\\/parliamentary-openness-index-serbia-and-the-region\\\/#respond\"]}]},{\"@type\":\"WebPage\",\"@id\":\"https:\\\/\\\/crta.rs\\\/en\\\/parliamentary-openness-index-serbia-and-the-region\\\/\",\"url\":\"https:\\\/\\\/crta.rs\\\/en\\\/parliamentary-openness-index-serbia-and-the-region\\\/\",\"name\":\"Parliamentary Openness Index - Serbia and the Region - CRTA\",\"isPartOf\":{\"@id\":\"https:\\\/\\\/crta.rs\\\/en\\\/#website\"},\"primaryImageOfPage\":{\"@id\":\"https:\\\/\\\/crta.rs\\\/en\\\/parliamentary-openness-index-serbia-and-the-region\\\/#primaryimage\"},\"image\":{\"@id\":\"https:\\\/\\\/crta.rs\\\/en\\\/parliamentary-openness-index-serbia-and-the-region\\\/#primaryimage\"},\"thumbnailUrl\":\"https:\\\/\\\/crta.rs\\\/wp-content\\\/uploads\\\/2018\\\/03\\\/Indexx-of-openness-2014.png\",\"datePublished\":\"2014-12-11T15:59:20+00:00\",\"dateModified\":\"2020-01-13T16:15:05+00:00\",\"author\":{\"@id\":\"https:\\\/\\\/crta.rs\\\/en\\\/#\\\/schema\\\/person\\\/0cc37dbc4cb7d35b32379de6f98e1c7f\"},\"breadcrumb\":{\"@id\":\"https:\\\/\\\/crta.rs\\\/en\\\/parliamentary-openness-index-serbia-and-the-region\\\/#breadcrumb\"},\"inLanguage\":\"en-US\",\"potentialAction\":[{\"@type\":\"ReadAction\",\"target\":[\"https:\\\/\\\/crta.rs\\\/en\\\/parliamentary-openness-index-serbia-and-the-region\\\/\"]}]},{\"@type\":\"ImageObject\",\"inLanguage\":\"en-US\",\"@id\":\"https:\\\/\\\/crta.rs\\\/en\\\/parliamentary-openness-index-serbia-and-the-region\\\/#primaryimage\",\"url\":\"https:\\\/\\\/crta.rs\\\/wp-content\\\/uploads\\\/2018\\\/03\\\/Indexx-of-openness-2014.png\",\"contentUrl\":\"https:\\\/\\\/crta.rs\\\/wp-content\\\/uploads\\\/2018\\\/03\\\/Indexx-of-openness-2014.png\",\"width\":499,\"height\":661},{\"@type\":\"BreadcrumbList\",\"@id\":\"https:\\\/\\\/crta.rs\\\/en\\\/parliamentary-openness-index-serbia-and-the-region\\\/#breadcrumb\",\"itemListElement\":[{\"@type\":\"ListItem\",\"position\":1,\"name\":\"Home\",\"item\":\"https:\\\/\\\/crta.rs\\\/en\\\/\"},{\"@type\":\"ListItem\",\"position\":2,\"name\":\"Publications\",\"item\":\"https:\\\/\\\/crta.rs\\\/en\\\/category\\\/publication-en\\\/\"},{\"@type\":\"ListItem\",\"position\":3,\"name\":\"Parliamentary Openness Index &#8211; Serbia and the Region\"}]},{\"@type\":\"WebSite\",\"@id\":\"https:\\\/\\\/crta.rs\\\/en\\\/#website\",\"url\":\"https:\\\/\\\/crta.rs\\\/en\\\/\",\"name\":\"CRTA\",\"description\":\"Mi smo grupa aktivista i novinara koja zajedno sa gra\u0111anima uti\u010de na pove\u0107anje odgovornosti institucija i javnih funkcionera kroz pra\u0107enje i kontrolu njihovog rada.\",\"potentialAction\":[{\"@type\":\"SearchAction\",\"target\":{\"@type\":\"EntryPoint\",\"urlTemplate\":\"https:\\\/\\\/crta.rs\\\/en\\\/?s={search_term_string}\"},\"query-input\":{\"@type\":\"PropertyValueSpecification\",\"valueRequired\":true,\"valueName\":\"search_term_string\"}}],\"inLanguage\":\"en-US\"},{\"@type\":\"Person\",\"@id\":\"https:\\\/\\\/crta.rs\\\/en\\\/#\\\/schema\\\/person\\\/0cc37dbc4cb7d35b32379de6f98e1c7f\",\"name\":\"milica\",\"url\":\"https:\\\/\\\/crta.rs\\\/en\\\/author\\\/milica\\\/\"}]}<\/script>\n<!-- \/ Yoast SEO plugin. -->","yoast_head_json":{"title":"Parliamentary Openness Index - Serbia and the Region - CRTA","robots":{"index":"index","follow":"follow","max-snippet":"max-snippet:-1","max-image-preview":"max-image-preview:large","max-video-preview":"max-video-preview:-1"},"canonical":"https:\/\/crta.rs\/en\/parliamentary-openness-index-serbia-and-the-region\/","og_locale":"en_US","og_type":"article","og_title":"Parliamentary Openness Index - Serbia and the Region - CRTA","og_description":"The \u201cParliamentary Openness Index in Serbia and the Region\u201c report aims to inform us on the status of parliamentary openness in the region and is based on the study of applied criteria for parliamentary openness contained in the Declaration on Parliament.","og_url":"https:\/\/crta.rs\/en\/parliamentary-openness-index-serbia-and-the-region\/","og_site_name":"CRTA","article_publisher":"https:\/\/www.facebook.com\/CRTArs\/","article_published_time":"2014-12-11T15:59:20+00:00","article_modified_time":"2020-01-13T16:15:05+00:00","og_image":[{"width":499,"height":661,"url":"https:\/\/crta.rs\/wp-content\/uploads\/2018\/03\/Indexx-of-openness-2014.png","type":"image\/png"}],"author":"milica","twitter_card":"summary_large_image","twitter_misc":{"Written by":"milica"},"schema":{"@context":"https:\/\/schema.org","@graph":[{"@type":"Article","@id":"https:\/\/crta.rs\/en\/parliamentary-openness-index-serbia-and-the-region\/#article","isPartOf":{"@id":"https:\/\/crta.rs\/en\/parliamentary-openness-index-serbia-and-the-region\/"},"author":{"name":"milica","@id":"https:\/\/crta.rs\/en\/#\/schema\/person\/0cc37dbc4cb7d35b32379de6f98e1c7f"},"headline":"Parliamentary Openness Index &#8211; Serbia and the Region","datePublished":"2014-12-11T15:59:20+00:00","dateModified":"2020-01-13T16:15:05+00:00","mainEntityOfPage":{"@id":"https:\/\/crta.rs\/en\/parliamentary-openness-index-serbia-and-the-region\/"},"wordCount":49,"commentCount":0,"image":{"@id":"https:\/\/crta.rs\/en\/parliamentary-openness-index-serbia-and-the-region\/#primaryimage"},"thumbnailUrl":"https:\/\/crta.rs\/wp-content\/uploads\/2018\/03\/Indexx-of-openness-2014.png","keywords":["openness","parliament","research","transparency"],"articleSection":["Publications"],"inLanguage":"en-US","potentialAction":[{"@type":"CommentAction","name":"Comment","target":["https:\/\/crta.rs\/en\/parliamentary-openness-index-serbia-and-the-region\/#respond"]}]},{"@type":"WebPage","@id":"https:\/\/crta.rs\/en\/parliamentary-openness-index-serbia-and-the-region\/","url":"https:\/\/crta.rs\/en\/parliamentary-openness-index-serbia-and-the-region\/","name":"Parliamentary Openness Index - Serbia and the Region - CRTA","isPartOf":{"@id":"https:\/\/crta.rs\/en\/#website"},"primaryImageOfPage":{"@id":"https:\/\/crta.rs\/en\/parliamentary-openness-index-serbia-and-the-region\/#primaryimage"},"image":{"@id":"https:\/\/crta.rs\/en\/parliamentary-openness-index-serbia-and-the-region\/#primaryimage"},"thumbnailUrl":"https:\/\/crta.rs\/wp-content\/uploads\/2018\/03\/Indexx-of-openness-2014.png","datePublished":"2014-12-11T15:59:20+00:00","dateModified":"2020-01-13T16:15:05+00:00","author":{"@id":"https:\/\/crta.rs\/en\/#\/schema\/person\/0cc37dbc4cb7d35b32379de6f98e1c7f"},"breadcrumb":{"@id":"https:\/\/crta.rs\/en\/parliamentary-openness-index-serbia-and-the-region\/#breadcrumb"},"inLanguage":"en-US","potentialAction":[{"@type":"ReadAction","target":["https:\/\/crta.rs\/en\/parliamentary-openness-index-serbia-and-the-region\/"]}]},{"@type":"ImageObject","inLanguage":"en-US","@id":"https:\/\/crta.rs\/en\/parliamentary-openness-index-serbia-and-the-region\/#primaryimage","url":"https:\/\/crta.rs\/wp-content\/uploads\/2018\/03\/Indexx-of-openness-2014.png","contentUrl":"https:\/\/crta.rs\/wp-content\/uploads\/2018\/03\/Indexx-of-openness-2014.png","width":499,"height":661},{"@type":"BreadcrumbList","@id":"https:\/\/crta.rs\/en\/parliamentary-openness-index-serbia-and-the-region\/#breadcrumb","itemListElement":[{"@type":"ListItem","position":1,"name":"Home","item":"https:\/\/crta.rs\/en\/"},{"@type":"ListItem","position":2,"name":"Publications","item":"https:\/\/crta.rs\/en\/category\/publication-en\/"},{"@type":"ListItem","position":3,"name":"Parliamentary Openness Index &#8211; Serbia and the Region"}]},{"@type":"WebSite","@id":"https:\/\/crta.rs\/en\/#website","url":"https:\/\/crta.rs\/en\/","name":"CRTA","description":"Mi smo grupa aktivista i novinara koja zajedno sa gra\u0111anima uti\u010de na pove\u0107anje odgovornosti institucija i javnih funkcionera kroz pra\u0107enje i kontrolu njihovog rada.","potentialAction":[{"@type":"SearchAction","target":{"@type":"EntryPoint","urlTemplate":"https:\/\/crta.rs\/en\/?s={search_term_string}"},"query-input":{"@type":"PropertyValueSpecification","valueRequired":true,"valueName":"search_term_string"}}],"inLanguage":"en-US"},{"@type":"Person","@id":"https:\/\/crta.rs\/en\/#\/schema\/person\/0cc37dbc4cb7d35b32379de6f98e1c7f","name":"milica","url":"https:\/\/crta.rs\/en\/author\/milica\/"}]}},"_links":{"self":[{"href":"https:\/\/crta.rs\/en\/wp-json\/wp\/v2\/posts\/1806","targetHints":{"allow":["GET"]}}],"collection":[{"href":"https:\/\/crta.rs\/en\/wp-json\/wp\/v2\/posts"}],"about":[{"href":"https:\/\/crta.rs\/en\/wp-json\/wp\/v2\/types\/post"}],"author":[{"embeddable":true,"href":"https:\/\/crta.rs\/en\/wp-json\/wp\/v2\/users\/3"}],"replies":[{"embeddable":true,"href":"https:\/\/crta.rs\/en\/wp-json\/wp\/v2\/comments?post=1806"}],"version-history":[{"count":2,"href":"https:\/\/crta.rs\/en\/wp-json\/wp\/v2\/posts\/1806\/revisions"}],"predecessor-version":[{"id":19071,"href":"https:\/\/crta.rs\/en\/wp-json\/wp\/v2\/posts\/1806\/revisions\/19071"}],"wp:featuredmedia":[{"embeddable":true,"href":"https:\/\/crta.rs\/en\/wp-json\/wp\/v2\/media\/1807"}],"wp:attachment":[{"href":"https:\/\/crta.rs\/en\/wp-json\/wp\/v2\/media?parent=1806"}],"wp:term":[{"taxonomy":"category","embeddable":true,"href":"https:\/\/crta.rs\/en\/wp-json\/wp\/v2\/categories?post=1806"},{"taxonomy":"post_tag","embeddable":true,"href":"https:\/\/crta.rs\/en\/wp-json\/wp\/v2\/tags?post=1806"}],"curies":[{"name":"wp","href":"https:\/\/api.w.org\/{rel}","templated":true}]}}