{"id":1802,"date":"2015-04-27T15:56:28","date_gmt":"2015-04-27T15:56:28","guid":{"rendered":"https:\/\/crta.rs\/?p=1802"},"modified":"2020-01-13T16:14:17","modified_gmt":"2020-01-13T16:14:17","slug":"istinomer-report-one-year-in-office-of-the-cabinet-of-aleksandar-vucic","status":"publish","type":"post","link":"https:\/\/crta.rs\/en\/istinomer-report-one-year-in-office-of-the-cabinet-of-aleksandar-vucic\/","title":{"rendered":"Istinomer report: One year in Office of the Cabinet of Aleksandar Vucic"},"content":{"rendered":"<p>The Serbian government\u2019s first year in office was marked with absolute supremacy of Prime Minister Aleksandar Vucic. Most of major events that marked the cabinet\u2019s first year in office saw all other ministers standing in the shadow of the prime minister.<\/p>\n","protected":false},"excerpt":{"rendered":"<p>The Serbian government\u2019s first year in office was marked with absolute supremacy of Prime Minister Aleksandar Vucic. Most of major events that marked the cabinet\u2019s first year in office saw all other ministers standing in the shadow of the prime minister.<\/p>\n","protected":false},"author":3,"featured_media":1803,"comment_status":"open","ping_status":"open","sticky":false,"template":"","format":"standard","meta":{"_acf_changed":false,"footnotes":"","_links_to":"","_links_to_target":""},"categories":[75],"tags":[94,95,96,97,98,99,100],"class_list":["post-1802","post","type-post","status-publish","format-standard","has-post-thumbnail","hentry","category-publication-en","tag-accountability","tag-aleksandar-vucic-en","tag-good-governance","tag-government","tag-prime-minister","tag-reports","tag-vucic-en","ciTrackContent"],"acf":[],"yoast_head":"<!-- This site is optimized with the Yoast SEO plugin v27.4 - https:\/\/yoast.com\/product\/yoast-seo-wordpress\/ -->\n<title>Istinomer report: One year in Office of the Cabinet of Aleksandar Vucic - CRTA<\/title>\n<meta name=\"robots\" content=\"index, follow, max-snippet:-1, max-image-preview:large, max-video-preview:-1\" \/>\n<link rel=\"canonical\" href=\"https:\/\/crta.rs\/en\/istinomer-report-one-year-in-office-of-the-cabinet-of-aleksandar-vucic\/\" \/>\n<meta property=\"og:locale\" content=\"en_US\" \/>\n<meta property=\"og:type\" content=\"article\" \/>\n<meta property=\"og:title\" content=\"Istinomer report: One year in Office of the Cabinet of Aleksandar Vucic - CRTA\" \/>\n<meta property=\"og:description\" content=\"The Serbian government\u2019s first year in office was marked with absolute supremacy of Prime Minister Aleksandar Vucic. Most of major events that marked the cabinet\u2019s first year in office saw all other ministers standing in the shadow of the prime minister.\" \/>\n<meta property=\"og:url\" content=\"https:\/\/crta.rs\/en\/istinomer-report-one-year-in-office-of-the-cabinet-of-aleksandar-vucic\/\" \/>\n<meta property=\"og:site_name\" content=\"CRTA\" \/>\n<meta property=\"article:publisher\" content=\"https:\/\/www.facebook.com\/CRTArs\/\" \/>\n<meta property=\"article:published_time\" content=\"2015-04-27T15:56:28+00:00\" \/>\n<meta property=\"article:modified_time\" content=\"2020-01-13T16:14:17+00:00\" \/>\n<meta property=\"og:image\" content=\"https:\/\/crta.rs\/wp-content\/uploads\/2018\/03\/One-year-of-Aleksandar-Vucic-2015.png\" \/>\n\t<meta property=\"og:image:width\" content=\"455\" \/>\n\t<meta property=\"og:image:height\" content=\"664\" \/>\n\t<meta property=\"og:image:type\" content=\"image\/png\" \/>\n<meta name=\"author\" content=\"milica\" \/>\n<meta name=\"twitter:card\" content=\"summary_large_image\" \/>\n<meta name=\"twitter:label1\" content=\"Written by\" \/>\n\t<meta name=\"twitter:data1\" content=\"milica\" \/>\n<script type=\"application\/ld+json\" class=\"yoast-schema-graph\">{\"@context\":\"https:\\\/\\\/schema.org\",\"@graph\":[{\"@type\":\"Article\",\"@id\":\"https:\\\/\\\/crta.rs\\\/en\\\/istinomer-report-one-year-in-office-of-the-cabinet-of-aleksandar-vucic\\\/#article\",\"isPartOf\":{\"@id\":\"https:\\\/\\\/crta.rs\\\/en\\\/istinomer-report-one-year-in-office-of-the-cabinet-of-aleksandar-vucic\\\/\"},\"author\":{\"name\":\"milica\",\"@id\":\"https:\\\/\\\/crta.rs\\\/en\\\/#\\\/schema\\\/person\\\/0cc37dbc4cb7d35b32379de6f98e1c7f\"},\"headline\":\"Istinomer report: One year in Office of the Cabinet of Aleksandar Vucic\",\"datePublished\":\"2015-04-27T15:56:28+00:00\",\"dateModified\":\"2020-01-13T16:14:17+00:00\",\"mainEntityOfPage\":{\"@id\":\"https:\\\/\\\/crta.rs\\\/en\\\/istinomer-report-one-year-in-office-of-the-cabinet-of-aleksandar-vucic\\\/\"},\"wordCount\":55,\"commentCount\":0,\"image\":{\"@id\":\"https:\\\/\\\/crta.rs\\\/en\\\/istinomer-report-one-year-in-office-of-the-cabinet-of-aleksandar-vucic\\\/#primaryimage\"},\"thumbnailUrl\":\"https:\\\/\\\/crta.rs\\\/wp-content\\\/uploads\\\/2018\\\/03\\\/One-year-of-Aleksandar-Vucic-2015.png\",\"keywords\":[\"accountability\",\"aleksandar vu\u010di\u0107\",\"good governance\",\"government\",\"prime minister\",\"reports\",\"vu\u010di\u0107\"],\"articleSection\":[\"Publications\"],\"inLanguage\":\"en-US\",\"potentialAction\":[{\"@type\":\"CommentAction\",\"name\":\"Comment\",\"target\":[\"https:\\\/\\\/crta.rs\\\/en\\\/istinomer-report-one-year-in-office-of-the-cabinet-of-aleksandar-vucic\\\/#respond\"]}]},{\"@type\":\"WebPage\",\"@id\":\"https:\\\/\\\/crta.rs\\\/en\\\/istinomer-report-one-year-in-office-of-the-cabinet-of-aleksandar-vucic\\\/\",\"url\":\"https:\\\/\\\/crta.rs\\\/en\\\/istinomer-report-one-year-in-office-of-the-cabinet-of-aleksandar-vucic\\\/\",\"name\":\"Istinomer report: One year in Office of the Cabinet of Aleksandar Vucic - CRTA\",\"isPartOf\":{\"@id\":\"https:\\\/\\\/crta.rs\\\/en\\\/#website\"},\"primaryImageOfPage\":{\"@id\":\"https:\\\/\\\/crta.rs\\\/en\\\/istinomer-report-one-year-in-office-of-the-cabinet-of-aleksandar-vucic\\\/#primaryimage\"},\"image\":{\"@id\":\"https:\\\/\\\/crta.rs\\\/en\\\/istinomer-report-one-year-in-office-of-the-cabinet-of-aleksandar-vucic\\\/#primaryimage\"},\"thumbnailUrl\":\"https:\\\/\\\/crta.rs\\\/wp-content\\\/uploads\\\/2018\\\/03\\\/One-year-of-Aleksandar-Vucic-2015.png\",\"datePublished\":\"2015-04-27T15:56:28+00:00\",\"dateModified\":\"2020-01-13T16:14:17+00:00\",\"author\":{\"@id\":\"https:\\\/\\\/crta.rs\\\/en\\\/#\\\/schema\\\/person\\\/0cc37dbc4cb7d35b32379de6f98e1c7f\"},\"breadcrumb\":{\"@id\":\"https:\\\/\\\/crta.rs\\\/en\\\/istinomer-report-one-year-in-office-of-the-cabinet-of-aleksandar-vucic\\\/#breadcrumb\"},\"inLanguage\":\"en-US\",\"potentialAction\":[{\"@type\":\"ReadAction\",\"target\":[\"https:\\\/\\\/crta.rs\\\/en\\\/istinomer-report-one-year-in-office-of-the-cabinet-of-aleksandar-vucic\\\/\"]}]},{\"@type\":\"ImageObject\",\"inLanguage\":\"en-US\",\"@id\":\"https:\\\/\\\/crta.rs\\\/en\\\/istinomer-report-one-year-in-office-of-the-cabinet-of-aleksandar-vucic\\\/#primaryimage\",\"url\":\"https:\\\/\\\/crta.rs\\\/wp-content\\\/uploads\\\/2018\\\/03\\\/One-year-of-Aleksandar-Vucic-2015.png\",\"contentUrl\":\"https:\\\/\\\/crta.rs\\\/wp-content\\\/uploads\\\/2018\\\/03\\\/One-year-of-Aleksandar-Vucic-2015.png\",\"width\":455,\"height\":664},{\"@type\":\"BreadcrumbList\",\"@id\":\"https:\\\/\\\/crta.rs\\\/en\\\/istinomer-report-one-year-in-office-of-the-cabinet-of-aleksandar-vucic\\\/#breadcrumb\",\"itemListElement\":[{\"@type\":\"ListItem\",\"position\":1,\"name\":\"Home\",\"item\":\"https:\\\/\\\/crta.rs\\\/en\\\/\"},{\"@type\":\"ListItem\",\"position\":2,\"name\":\"Publications\",\"item\":\"https:\\\/\\\/crta.rs\\\/en\\\/category\\\/publication-en\\\/\"},{\"@type\":\"ListItem\",\"position\":3,\"name\":\"Istinomer report: One year in Office of the Cabinet of Aleksandar Vucic\"}]},{\"@type\":\"WebSite\",\"@id\":\"https:\\\/\\\/crta.rs\\\/en\\\/#website\",\"url\":\"https:\\\/\\\/crta.rs\\\/en\\\/\",\"name\":\"CRTA\",\"description\":\"Mi smo grupa aktivista i novinara koja zajedno sa gra\u0111anima uti\u010de na pove\u0107anje odgovornosti institucija i javnih funkcionera kroz pra\u0107enje i kontrolu njihovog rada.\",\"potentialAction\":[{\"@type\":\"SearchAction\",\"target\":{\"@type\":\"EntryPoint\",\"urlTemplate\":\"https:\\\/\\\/crta.rs\\\/en\\\/?s={search_term_string}\"},\"query-input\":{\"@type\":\"PropertyValueSpecification\",\"valueRequired\":true,\"valueName\":\"search_term_string\"}}],\"inLanguage\":\"en-US\"},{\"@type\":\"Person\",\"@id\":\"https:\\\/\\\/crta.rs\\\/en\\\/#\\\/schema\\\/person\\\/0cc37dbc4cb7d35b32379de6f98e1c7f\",\"name\":\"milica\",\"url\":\"https:\\\/\\\/crta.rs\\\/en\\\/author\\\/milica\\\/\"}]}<\/script>\n<!-- \/ Yoast SEO plugin. -->","yoast_head_json":{"title":"Istinomer report: One year in Office of the Cabinet of Aleksandar Vucic - CRTA","robots":{"index":"index","follow":"follow","max-snippet":"max-snippet:-1","max-image-preview":"max-image-preview:large","max-video-preview":"max-video-preview:-1"},"canonical":"https:\/\/crta.rs\/en\/istinomer-report-one-year-in-office-of-the-cabinet-of-aleksandar-vucic\/","og_locale":"en_US","og_type":"article","og_title":"Istinomer report: One year in Office of the Cabinet of Aleksandar Vucic - CRTA","og_description":"The Serbian government\u2019s first year in office was marked with absolute supremacy of Prime Minister Aleksandar Vucic. Most of major events that marked the cabinet\u2019s first year in office saw all other ministers standing in the shadow of the prime minister.","og_url":"https:\/\/crta.rs\/en\/istinomer-report-one-year-in-office-of-the-cabinet-of-aleksandar-vucic\/","og_site_name":"CRTA","article_publisher":"https:\/\/www.facebook.com\/CRTArs\/","article_published_time":"2015-04-27T15:56:28+00:00","article_modified_time":"2020-01-13T16:14:17+00:00","og_image":[{"width":455,"height":664,"url":"https:\/\/crta.rs\/wp-content\/uploads\/2018\/03\/One-year-of-Aleksandar-Vucic-2015.png","type":"image\/png"}],"author":"milica","twitter_card":"summary_large_image","twitter_misc":{"Written by":"milica"},"schema":{"@context":"https:\/\/schema.org","@graph":[{"@type":"Article","@id":"https:\/\/crta.rs\/en\/istinomer-report-one-year-in-office-of-the-cabinet-of-aleksandar-vucic\/#article","isPartOf":{"@id":"https:\/\/crta.rs\/en\/istinomer-report-one-year-in-office-of-the-cabinet-of-aleksandar-vucic\/"},"author":{"name":"milica","@id":"https:\/\/crta.rs\/en\/#\/schema\/person\/0cc37dbc4cb7d35b32379de6f98e1c7f"},"headline":"Istinomer report: One year in Office of the Cabinet of Aleksandar Vucic","datePublished":"2015-04-27T15:56:28+00:00","dateModified":"2020-01-13T16:14:17+00:00","mainEntityOfPage":{"@id":"https:\/\/crta.rs\/en\/istinomer-report-one-year-in-office-of-the-cabinet-of-aleksandar-vucic\/"},"wordCount":55,"commentCount":0,"image":{"@id":"https:\/\/crta.rs\/en\/istinomer-report-one-year-in-office-of-the-cabinet-of-aleksandar-vucic\/#primaryimage"},"thumbnailUrl":"https:\/\/crta.rs\/wp-content\/uploads\/2018\/03\/One-year-of-Aleksandar-Vucic-2015.png","keywords":["accountability","aleksandar vu\u010di\u0107","good governance","government","prime minister","reports","vu\u010di\u0107"],"articleSection":["Publications"],"inLanguage":"en-US","potentialAction":[{"@type":"CommentAction","name":"Comment","target":["https:\/\/crta.rs\/en\/istinomer-report-one-year-in-office-of-the-cabinet-of-aleksandar-vucic\/#respond"]}]},{"@type":"WebPage","@id":"https:\/\/crta.rs\/en\/istinomer-report-one-year-in-office-of-the-cabinet-of-aleksandar-vucic\/","url":"https:\/\/crta.rs\/en\/istinomer-report-one-year-in-office-of-the-cabinet-of-aleksandar-vucic\/","name":"Istinomer report: One year in Office of the Cabinet of Aleksandar Vucic - CRTA","isPartOf":{"@id":"https:\/\/crta.rs\/en\/#website"},"primaryImageOfPage":{"@id":"https:\/\/crta.rs\/en\/istinomer-report-one-year-in-office-of-the-cabinet-of-aleksandar-vucic\/#primaryimage"},"image":{"@id":"https:\/\/crta.rs\/en\/istinomer-report-one-year-in-office-of-the-cabinet-of-aleksandar-vucic\/#primaryimage"},"thumbnailUrl":"https:\/\/crta.rs\/wp-content\/uploads\/2018\/03\/One-year-of-Aleksandar-Vucic-2015.png","datePublished":"2015-04-27T15:56:28+00:00","dateModified":"2020-01-13T16:14:17+00:00","author":{"@id":"https:\/\/crta.rs\/en\/#\/schema\/person\/0cc37dbc4cb7d35b32379de6f98e1c7f"},"breadcrumb":{"@id":"https:\/\/crta.rs\/en\/istinomer-report-one-year-in-office-of-the-cabinet-of-aleksandar-vucic\/#breadcrumb"},"inLanguage":"en-US","potentialAction":[{"@type":"ReadAction","target":["https:\/\/crta.rs\/en\/istinomer-report-one-year-in-office-of-the-cabinet-of-aleksandar-vucic\/"]}]},{"@type":"ImageObject","inLanguage":"en-US","@id":"https:\/\/crta.rs\/en\/istinomer-report-one-year-in-office-of-the-cabinet-of-aleksandar-vucic\/#primaryimage","url":"https:\/\/crta.rs\/wp-content\/uploads\/2018\/03\/One-year-of-Aleksandar-Vucic-2015.png","contentUrl":"https:\/\/crta.rs\/wp-content\/uploads\/2018\/03\/One-year-of-Aleksandar-Vucic-2015.png","width":455,"height":664},{"@type":"BreadcrumbList","@id":"https:\/\/crta.rs\/en\/istinomer-report-one-year-in-office-of-the-cabinet-of-aleksandar-vucic\/#breadcrumb","itemListElement":[{"@type":"ListItem","position":1,"name":"Home","item":"https:\/\/crta.rs\/en\/"},{"@type":"ListItem","position":2,"name":"Publications","item":"https:\/\/crta.rs\/en\/category\/publication-en\/"},{"@type":"ListItem","position":3,"name":"Istinomer report: One year in Office of the Cabinet of Aleksandar Vucic"}]},{"@type":"WebSite","@id":"https:\/\/crta.rs\/en\/#website","url":"https:\/\/crta.rs\/en\/","name":"CRTA","description":"Mi smo grupa aktivista i novinara koja zajedno sa gra\u0111anima uti\u010de na pove\u0107anje odgovornosti institucija i javnih funkcionera kroz pra\u0107enje i kontrolu njihovog rada.","potentialAction":[{"@type":"SearchAction","target":{"@type":"EntryPoint","urlTemplate":"https:\/\/crta.rs\/en\/?s={search_term_string}"},"query-input":{"@type":"PropertyValueSpecification","valueRequired":true,"valueName":"search_term_string"}}],"inLanguage":"en-US"},{"@type":"Person","@id":"https:\/\/crta.rs\/en\/#\/schema\/person\/0cc37dbc4cb7d35b32379de6f98e1c7f","name":"milica","url":"https:\/\/crta.rs\/en\/author\/milica\/"}]}},"_links":{"self":[{"href":"https:\/\/crta.rs\/en\/wp-json\/wp\/v2\/posts\/1802","targetHints":{"allow":["GET"]}}],"collection":[{"href":"https:\/\/crta.rs\/en\/wp-json\/wp\/v2\/posts"}],"about":[{"href":"https:\/\/crta.rs\/en\/wp-json\/wp\/v2\/types\/post"}],"author":[{"embeddable":true,"href":"https:\/\/crta.rs\/en\/wp-json\/wp\/v2\/users\/3"}],"replies":[{"embeddable":true,"href":"https:\/\/crta.rs\/en\/wp-json\/wp\/v2\/comments?post=1802"}],"version-history":[{"count":2,"href":"https:\/\/crta.rs\/en\/wp-json\/wp\/v2\/posts\/1802\/revisions"}],"predecessor-version":[{"id":19070,"href":"https:\/\/crta.rs\/en\/wp-json\/wp\/v2\/posts\/1802\/revisions\/19070"}],"wp:featuredmedia":[{"embeddable":true,"href":"https:\/\/crta.rs\/en\/wp-json\/wp\/v2\/media\/1803"}],"wp:attachment":[{"href":"https:\/\/crta.rs\/en\/wp-json\/wp\/v2\/media?parent=1802"}],"wp:term":[{"taxonomy":"category","embeddable":true,"href":"https:\/\/crta.rs\/en\/wp-json\/wp\/v2\/categories?post=1802"},{"taxonomy":"post_tag","embeddable":true,"href":"https:\/\/crta.rs\/en\/wp-json\/wp\/v2\/tags?post=1802"}],"curies":[{"name":"wp","href":"https:\/\/api.w.org\/{rel}","templated":true}]}}